{"id":239942,"date":"2021-08-09T14:25:07","date_gmt":"2021-08-09T14:25:07","guid":{"rendered":"https:\/\/www.fanpage.it\/sport\/?p=1508441"},"modified":"2021-08-09T14:25:07","modified_gmt":"2021-08-09T14:25:07","slug":"lo-teniamo-docchio-il-bayern-monaco-pensa-a-haaland-e-fa-tremare-il-mercato","status":"publish","type":"post","link":"https:\/\/nugnes.com\/?p=239942","title":{"rendered":"&#8220;Lo teniamo d&#8217;occhio&#8221;: il Bayern Monaco pensa a Haaland e fa tremare il mercato"},"content":{"rendered":"<img src=\"https:\/\/static.fanpage.it\/wp-content\/uploads\/sites\/27\/2021\/08\/haaland-mercato-borussia-bayern-1628517067815-638x425.jpg\" \/><br \/>Erling Haalnd \u00e8 uno dei calciatori pi\u00f9 ricercati d'Europa ma il Borussia Dortmund ha fatto sapere pi\u00f9 volte che non lo ceder\u00e0 in questa sessione di mercato. L'attaccante norvegese piace molto alle squadre inglesi ma nelle ultime ore ha mostrato il suo interesse anche il direttore sportivo del Bayern Monaco, Hasan Salihamidzic.<br \/><a href=\"https:\/\/www.fanpage.it\/sport\/calcio\/lo-teniamo-docchio-il-bayern-monaco-pensa-a-haaland-e-fa-tremare-il-mercato\/\">Continua a leggere<\/a>","protected":false},"excerpt":{"rendered":"<p>Erling Haalnd \u00e8 uno dei calciatori pi\u00f9 ricercati d&#8217;Europa ma il Borussia Dortmund ha fatto sapere pi\u00f9 volte che non lo ceder\u00e0 in questa sessione di mercato. L&#8217;attaccante norvegese piace molto alle squadre inglesi ma nelle ultime ore ha mostrato il suo &#8230;<\/p>\n","protected":false},"author":155,"featured_media":0,"comment_status":"closed","ping_status":"closed","sticky":false,"template":"","format":"standard","meta":{"om_disable_all_campaigns":false,"_monsterinsights_skip_tracking":false,"_monsterinsights_sitenote_active":false,"_monsterinsights_sitenote_note":"","_monsterinsights_sitenote_category":0,"footnotes":""},"categories":[927,802,75,746,743],"tags":[],"class_list":["post-239942","post","type-post","status-publish","format-standard","hentry","category-bayern-monaco","category-borussia-dortmund","category-calcio","category-calciomercato","category-notizie"],"aioseo_notices":[],"_links":{"self":[{"href":"https:\/\/nugnes.com\/index.php?rest_route=\/wp\/v2\/posts\/239942","targetHints":{"allow":["GET"]}}],"collection":[{"href":"https:\/\/nugnes.com\/index.php?rest_route=\/wp\/v2\/posts"}],"about":[{"href":"https:\/\/nugnes.com\/index.php?rest_route=\/wp\/v2\/types\/post"}],"author":[{"embeddable":true,"href":"https:\/\/nugnes.com\/index.php?rest_route=\/wp\/v2\/users\/155"}],"replies":[{"embeddable":true,"href":"https:\/\/nugnes.com\/index.php?rest_route=%2Fwp%2Fv2%2Fcomments&post=239942"}],"version-history":[{"count":1,"href":"https:\/\/nugnes.com\/index.php?rest_route=\/wp\/v2\/posts\/239942\/revisions"}],"predecessor-version":[{"id":239943,"href":"https:\/\/nugnes.com\/index.php?rest_route=\/wp\/v2\/posts\/239942\/revisions\/239943"}],"wp:attachment":[{"href":"https:\/\/nugnes.com\/index.php?rest_route=%2Fwp%2Fv2%2Fmedia&parent=239942"}],"wp:term":[{"taxonomy":"category","embeddable":true,"href":"https:\/\/nugnes.com\/index.php?rest_route=%2Fwp%2Fv2%2Fcategories&post=239942"},{"taxonomy":"post_tag","embeddable":true,"href":"https:\/\/nugnes.com\/index.php?rest_route=%2Fwp%2Fv2%2Ftags&post=239942"}],"curies":[{"name":"wp","href":"https:\/\/api.w.org\/{rel}","templated":true}]}}