{"id":239944,"date":"2021-08-09T14:24:31","date_gmt":"2021-08-09T14:24:31","guid":{"rendered":"https:\/\/www.fanpage.it\/sport\/?p=1508472"},"modified":"2021-08-09T14:24:31","modified_gmt":"2021-08-09T14:24:31","slug":"obiang-si-ferma-per-un-focolaio-broncopolmonare-necessaria-lastensione-dallattivit-sportiva","status":"publish","type":"post","link":"https:\/\/nugnes.com\/?p=239944","title":{"rendered":"Obiang si ferma per un focolaio broncopolmonare: &#8220;Necessaria l&rsquo;astensione dall&rsquo;attivit&agrave; sportiva&#8221;"},"content":{"rendered":"<img src=\"https:\/\/static.fanpage.it\/wp-content\/uploads\/sites\/27\/2021\/08\/GettyImages-1314244958-1628517952609-638x425.jpg\" \/><br \/>A causa di un problema broncopolmonare di natura virale \u00e8 costretto ad astenersi temporaneamente dall'attivit\u00e0 Pedro Obiang, centrocampista del Sassuolo che ha dato l'annuncio con un comunicato ufficiale: \"Pedro Obiang \u00e8 stato recentemente sottoposto a controlli presso il Policlinico Universitario di Modena, ove \u00e8 stato rilevato un focolaio broncopolmonare di natura virale. Al momento, a scopo prudenziale, si render\u00e0 necessaria un\u2019astensione dall\u2019attivit\u00e0 sportiva\".<br \/><a href=\"https:\/\/www.fanpage.it\/sport\/calcio\/obiang-si-ferma-per-un-focolaio-broncopolmonare-necessaria-unastensione-dallattivita-sportiva\/\">Continua a leggere<\/a>","protected":false},"excerpt":{"rendered":"<p>A causa di un problema broncopolmonare di natura virale \u00e8 costretto ad astenersi temporaneamente dall&#8217;attivit\u00e0 Pedro Obiang, centrocampista del Sassuolo che ha dato l&#8217;annuncio con un comunicato ufficiale: &#8220;Pedro Obiang \u00e8 stato recentemente sottoposto a&#8230;<\/p>\n","protected":false},"author":116,"featured_media":0,"comment_status":"closed","ping_status":"closed","sticky":false,"template":"","format":"standard","meta":{"om_disable_all_campaigns":false,"_monsterinsights_skip_tracking":false,"_monsterinsights_sitenote_active":false,"_monsterinsights_sitenote_note":"","_monsterinsights_sitenote_category":0,"footnotes":""},"categories":[75,743],"tags":[],"class_list":["post-239944","post","type-post","status-publish","format-standard","hentry","category-calcio","category-notizie"],"aioseo_notices":[],"_links":{"self":[{"href":"https:\/\/nugnes.com\/index.php?rest_route=\/wp\/v2\/posts\/239944","targetHints":{"allow":["GET"]}}],"collection":[{"href":"https:\/\/nugnes.com\/index.php?rest_route=\/wp\/v2\/posts"}],"about":[{"href":"https:\/\/nugnes.com\/index.php?rest_route=\/wp\/v2\/types\/post"}],"author":[{"embeddable":true,"href":"https:\/\/nugnes.com\/index.php?rest_route=\/wp\/v2\/users\/116"}],"replies":[{"embeddable":true,"href":"https:\/\/nugnes.com\/index.php?rest_route=%2Fwp%2Fv2%2Fcomments&post=239944"}],"version-history":[{"count":1,"href":"https:\/\/nugnes.com\/index.php?rest_route=\/wp\/v2\/posts\/239944\/revisions"}],"predecessor-version":[{"id":239945,"href":"https:\/\/nugnes.com\/index.php?rest_route=\/wp\/v2\/posts\/239944\/revisions\/239945"}],"wp:attachment":[{"href":"https:\/\/nugnes.com\/index.php?rest_route=%2Fwp%2Fv2%2Fmedia&parent=239944"}],"wp:term":[{"taxonomy":"category","embeddable":true,"href":"https:\/\/nugnes.com\/index.php?rest_route=%2Fwp%2Fv2%2Fcategories&post=239944"},{"taxonomy":"post_tag","embeddable":true,"href":"https:\/\/nugnes.com\/index.php?rest_route=%2Fwp%2Fv2%2Ftags&post=239944"}],"curies":[{"name":"wp","href":"https:\/\/api.w.org\/{rel}","templated":true}]}}