{"id":240586,"date":"2021-08-11T11:19:32","date_gmt":"2021-08-11T11:19:32","guid":{"rendered":"https:\/\/www.fanpage.it\/milano\/?p=95181"},"modified":"2021-08-11T11:19:32","modified_gmt":"2021-08-11T11:19:32","slug":"accusa-il-coinquilino-di-avergli-rubato-i-soldi-e-lo-accoltella-alla-gola-in-strada-arrestato-26enne","status":"publish","type":"post","link":"https:\/\/nugnes.com\/?p=240586","title":{"rendered":"Accusa il coinquilino di avergli rubato i soldi e lo accoltella alla gola in strada: arrestato 26enne"},"content":{"rendered":"<img src=\"https:\/\/static.fanpage.it\/wp-content\/uploads\/sites\/3\/2019\/12\/coltello-accoltellato-sangue-ladro-lama-taglierino-accoltellamento-ferito-1-1577544903254-300x225.jpg\" \/><br \/>Un uomo di 41 anni \u00e8 stato accoltellato alla gola dal suo coinquilino, un ragazzo di 26 anni: l'aggressione \u00e8 avvenuta a Piazzale Insubria a Milano nella mattinata di oggi, mercoled\u00ec 11 agosto, intorno alle 8.30. Il motivo sarebbe legato a questioni di natura economica: il 26enne accusava il 41enne di avergli rubato dei soldi. Il ragazzo \u00e8 stato arrestato mentre l'uomo si trova ricoverato in ospedale, ma non sarebbe in pericolo di vita.<br \/><a href=\"https:\/\/www.fanpage.it\/milano\/accusa-il-coinquilino-di-avergli-rubato-i-soldi-e-lo-accoltella-alla-gola-in-strada-arrestato-26enne\/\">Continua a leggere<\/a>","protected":false},"excerpt":{"rendered":"<p>Un uomo di 41 anni \u00e8 stato accoltellato alla gola dal suo coinquilino, un ragazzo di 26 anni: l&#8217;aggressione \u00e8 avvenuta a Piazzale Insubria a Milano nella mattinata di oggi, mercoled\u00ec 11 agosto, intorno alle 8.30. Il motivo sarebbe legato a questioni di&#8230;<\/p>\n","protected":false},"author":208,"featured_media":0,"comment_status":"closed","ping_status":"closed","sticky":false,"template":"","format":"standard","meta":{"om_disable_all_campaigns":false,"_monsterinsights_skip_tracking":false,"_monsterinsights_sitenote_active":false,"_monsterinsights_sitenote_note":"","_monsterinsights_sitenote_category":0,"footnotes":""},"categories":[745,10],"tags":[],"class_list":["post-240586","post","type-post","status-publish","format-standard","hentry","category-attualita","category-cronaca"],"aioseo_notices":[],"_links":{"self":[{"href":"https:\/\/nugnes.com\/index.php?rest_route=\/wp\/v2\/posts\/240586","targetHints":{"allow":["GET"]}}],"collection":[{"href":"https:\/\/nugnes.com\/index.php?rest_route=\/wp\/v2\/posts"}],"about":[{"href":"https:\/\/nugnes.com\/index.php?rest_route=\/wp\/v2\/types\/post"}],"author":[{"embeddable":true,"href":"https:\/\/nugnes.com\/index.php?rest_route=\/wp\/v2\/users\/208"}],"replies":[{"embeddable":true,"href":"https:\/\/nugnes.com\/index.php?rest_route=%2Fwp%2Fv2%2Fcomments&post=240586"}],"version-history":[{"count":1,"href":"https:\/\/nugnes.com\/index.php?rest_route=\/wp\/v2\/posts\/240586\/revisions"}],"predecessor-version":[{"id":240587,"href":"https:\/\/nugnes.com\/index.php?rest_route=\/wp\/v2\/posts\/240586\/revisions\/240587"}],"wp:attachment":[{"href":"https:\/\/nugnes.com\/index.php?rest_route=%2Fwp%2Fv2%2Fmedia&parent=240586"}],"wp:term":[{"taxonomy":"category","embeddable":true,"href":"https:\/\/nugnes.com\/index.php?rest_route=%2Fwp%2Fv2%2Fcategories&post=240586"},{"taxonomy":"post_tag","embeddable":true,"href":"https:\/\/nugnes.com\/index.php?rest_route=%2Fwp%2Fv2%2Ftags&post=240586"}],"curies":[{"name":"wp","href":"https:\/\/api.w.org\/{rel}","templated":true}]}}