{"id":242089,"date":"2021-08-16T11:05:18","date_gmt":"2021-08-16T11:05:18","guid":{"rendered":"https:\/\/www.fanpage.it\/sport\/?p=1510901"},"modified":"2021-08-16T11:05:18","modified_gmt":"2021-08-16T11:05:18","slug":"mbapp-incontra-al-khelafi-gli-scenari-sul-futuro-dellattaccante-tra-psg-e-real-madrid","status":"publish","type":"post","link":"https:\/\/nugnes.com\/?p=242089","title":{"rendered":"Mbapp&eacute; incontra Al-Khela&iuml;fi: gli scenari sul futuro dell&#8217;attaccante tra PSG e Real Madrid"},"content":{"rendered":"<img src=\"https:\/\/static.fanpage.it\/wp-content\/uploads\/sites\/27\/2021\/08\/mbappe\u0300-real-psg-638x425.jpg\" \/><br \/>Kylian Mbapp\u00e9 nelle prossime ore incontrer\u00e0 i vertici del Paris Saint-Germain per informarli della sua volont\u00e0 di lasciare il club francese e di voler negoziare con il Real Madrid. Tutti gli scenari sul futuro dell'attaccante classe 1998 tra la Francia e la Casa Blanca prima dell'incontro con Al-Khela\u00effi.<br \/><a href=\"https:\/\/www.fanpage.it\/sport\/calcio\/mbappe-incontra-al-khelaifi-gli-scenari-sul-futuro-dellattaccante-tra-psg-e-real-madrid\/\">Continua a leggere<\/a>","protected":false},"excerpt":{"rendered":"<p>Kylian Mbapp\u00e9 nelle prossime ore incontrer\u00e0 i vertici del Paris Saint-Germain per informarli della sua volont\u00e0 di lasciare il club francese e di voler negoziare con il Real Madrid. Tutti gli scenari sul futuro dell&#8217;attaccante classe 1998 tra la Francia&#8230;<\/p>\n","protected":false},"author":155,"featured_media":0,"comment_status":"closed","ping_status":"closed","sticky":false,"template":"","format":"standard","meta":{"om_disable_all_campaigns":false,"_monsterinsights_skip_tracking":false,"_monsterinsights_sitenote_active":false,"_monsterinsights_sitenote_note":"","_monsterinsights_sitenote_category":0,"footnotes":""},"categories":[75,746,743,1297,658],"tags":[],"class_list":["post-242089","post","type-post","status-publish","format-standard","hentry","category-calcio","category-calciomercato","category-notizie","category-psg","category-real-madrid"],"aioseo_notices":[],"_links":{"self":[{"href":"https:\/\/nugnes.com\/index.php?rest_route=\/wp\/v2\/posts\/242089","targetHints":{"allow":["GET"]}}],"collection":[{"href":"https:\/\/nugnes.com\/index.php?rest_route=\/wp\/v2\/posts"}],"about":[{"href":"https:\/\/nugnes.com\/index.php?rest_route=\/wp\/v2\/types\/post"}],"author":[{"embeddable":true,"href":"https:\/\/nugnes.com\/index.php?rest_route=\/wp\/v2\/users\/155"}],"replies":[{"embeddable":true,"href":"https:\/\/nugnes.com\/index.php?rest_route=%2Fwp%2Fv2%2Fcomments&post=242089"}],"version-history":[{"count":2,"href":"https:\/\/nugnes.com\/index.php?rest_route=\/wp\/v2\/posts\/242089\/revisions"}],"predecessor-version":[{"id":242093,"href":"https:\/\/nugnes.com\/index.php?rest_route=\/wp\/v2\/posts\/242089\/revisions\/242093"}],"wp:attachment":[{"href":"https:\/\/nugnes.com\/index.php?rest_route=%2Fwp%2Fv2%2Fmedia&parent=242089"}],"wp:term":[{"taxonomy":"category","embeddable":true,"href":"https:\/\/nugnes.com\/index.php?rest_route=%2Fwp%2Fv2%2Fcategories&post=242089"},{"taxonomy":"post_tag","embeddable":true,"href":"https:\/\/nugnes.com\/index.php?rest_route=%2Fwp%2Fv2%2Ftags&post=242089"}],"curies":[{"name":"wp","href":"https:\/\/api.w.org\/{rel}","templated":true}]}}