{"id":242099,"date":"2021-08-16T11:00:42","date_gmt":"2021-08-16T11:00:42","guid":{"rendered":"https:\/\/donna.fanpage.it\/?p=433533"},"modified":"2021-08-16T11:00:42","modified_gmt":"2021-08-16T11:00:42","slug":"madonna-compie-63-anni-e-scarta-in-anticipo-i-regali-rose-cappelli-di-paglia-e-borse-da-migliaia-di-euro-2","status":"publish","type":"post","link":"https:\/\/nugnes.com\/?p=242099","title":{"rendered":"Madonna compie 63 anni e scarta in anticipo i regali: rose, cappelli di paglia e borse da migliaia di euro"},"content":{"rendered":"<img src=\"https:\/\/static.fanpage.it\/wp-content\/uploads\/sites\/11\/2021\/08\/madonna-compleanno-63.jpg\" \/><br \/>La popstar Madonna sembra aver trovato l'elisir di eterna giovinezza: nelle foto postate sui social appare ben pi\u00f9 giovane della sua et\u00e0, con una pelle levigata e delle trecce bionde che le danno un'aria sbarazzina. Eppure oggi, luned\u00ec 16 luglio, ha spento 63 candeline: ai fan ha mostrato alcuni dei regali ricevuti, tra grandi griffe e gesti romantici.<br \/><a href=\"https:\/\/donna.fanpage.it\/madonna-compie-63-anni-e-scarta-in-anticipo-i-regali-rose-cappelli-di-paglia-e-borse-da-migliaia-di-euro\/\">Continua a leggere<\/a>","protected":false},"excerpt":{"rendered":"<p>La popstar Madonna sembra aver trovato l&#8217;elisir di eterna giovinezza: nelle foto postate sui social appare ben pi\u00f9 giovane della sua et\u00e0, con una pelle levigata e delle trecce bionde che le danno un&#8217;aria sbarazzina. Eppure oggi, luned\u00ec 16 luglio, ha sp&#8230;<\/p>\n","protected":false},"author":236,"featured_media":0,"comment_status":"closed","ping_status":"closed","sticky":false,"template":"","format":"standard","meta":{"om_disable_all_campaigns":false,"_monsterinsights_skip_tracking":false,"_monsterinsights_sitenote_active":false,"_monsterinsights_sitenote_note":"","_monsterinsights_sitenote_category":0,"footnotes":""},"categories":[795,744],"tags":[],"class_list":["post-242099","post","type-post","status-publish","format-standard","hentry","category-celebrita","category-news"],"aioseo_notices":[],"_links":{"self":[{"href":"https:\/\/nugnes.com\/index.php?rest_route=\/wp\/v2\/posts\/242099","targetHints":{"allow":["GET"]}}],"collection":[{"href":"https:\/\/nugnes.com\/index.php?rest_route=\/wp\/v2\/posts"}],"about":[{"href":"https:\/\/nugnes.com\/index.php?rest_route=\/wp\/v2\/types\/post"}],"author":[{"embeddable":true,"href":"https:\/\/nugnes.com\/index.php?rest_route=\/wp\/v2\/users\/236"}],"replies":[{"embeddable":true,"href":"https:\/\/nugnes.com\/index.php?rest_route=%2Fwp%2Fv2%2Fcomments&post=242099"}],"version-history":[{"count":1,"href":"https:\/\/nugnes.com\/index.php?rest_route=\/wp\/v2\/posts\/242099\/revisions"}],"predecessor-version":[{"id":242101,"href":"https:\/\/nugnes.com\/index.php?rest_route=\/wp\/v2\/posts\/242099\/revisions\/242101"}],"wp:attachment":[{"href":"https:\/\/nugnes.com\/index.php?rest_route=%2Fwp%2Fv2%2Fmedia&parent=242099"}],"wp:term":[{"taxonomy":"category","embeddable":true,"href":"https:\/\/nugnes.com\/index.php?rest_route=%2Fwp%2Fv2%2Fcategories&post=242099"},{"taxonomy":"post_tag","embeddable":true,"href":"https:\/\/nugnes.com\/index.php?rest_route=%2Fwp%2Fv2%2Ftags&post=242099"}],"curies":[{"name":"wp","href":"https:\/\/api.w.org\/{rel}","templated":true}]}}