{"id":242123,"date":"2021-08-16T10:24:17","date_gmt":"2021-08-16T10:24:17","guid":{"rendered":"https:\/\/music.fanpage.it\/?p=217681"},"modified":"2021-08-16T10:24:17","modified_gmt":"2021-08-16T10:24:17","slug":"travis-barker-dei-blink-182-torna-a-volare-a-13-anni-dallincidente-aereo-da-cui-sopravvisse","status":"publish","type":"post","link":"https:\/\/nugnes.com\/?p=242123","title":{"rendered":"Travis Barker dei Blink 182 torna a volare a 13 anni dall&#8217;incidente aereo da cui sopravvisse"},"content":{"rendered":"<img src=\"https:\/\/static.fanpage.it\/wp-content\/uploads\/sites\/14\/2021\/08\/travis-barker-638x425.jpg\" \/><br \/>Travis Barker dei Blink 182 ha ripreso l'aereo a 13 anni dall'incidente mortale a cui scamp\u00f2 anni fa ma che fece 4 morti e che gli lascio ustioni di terzo grado su pi\u00f9 della met\u00e0 del corpo. Non deve essere stato semplice per il batterista della band americana ritornare a volare su un aereo dopo la tragedia che l'ha colpito 13 anni fa.<br \/><a href=\"https:\/\/music.fanpage.it\/travis-barker-dei-blink-182-torna-a-volare-a-13-anni-dallincidente-aereo-da-cui-sopravvisse\/\">Continua a leggere<\/a>","protected":false},"excerpt":{"rendered":"<p>Travis Barker dei Blink 182 ha ripreso l&#8217;aereo a 13 anni dall&#8217;incidente mortale a cui scamp\u00f2 anni fa ma che fece 4 morti e che gli lascio ustioni di terzo grado su pi\u00f9 della met\u00e0 del corpo. Non deve essere stato semplice per il batterista della band am&#8230;<\/p>\n","protected":false},"author":90,"featured_media":0,"comment_status":"closed","ping_status":"closed","sticky":false,"template":"","format":"standard","meta":{"om_disable_all_campaigns":false,"_monsterinsights_skip_tracking":false,"_monsterinsights_sitenote_active":false,"_monsterinsights_sitenote_note":"","_monsterinsights_sitenote_category":0,"footnotes":""},"categories":[744],"tags":[],"class_list":["post-242123","post","type-post","status-publish","format-standard","hentry","category-news"],"aioseo_notices":[],"_links":{"self":[{"href":"https:\/\/nugnes.com\/index.php?rest_route=\/wp\/v2\/posts\/242123","targetHints":{"allow":["GET"]}}],"collection":[{"href":"https:\/\/nugnes.com\/index.php?rest_route=\/wp\/v2\/posts"}],"about":[{"href":"https:\/\/nugnes.com\/index.php?rest_route=\/wp\/v2\/types\/post"}],"author":[{"embeddable":true,"href":"https:\/\/nugnes.com\/index.php?rest_route=\/wp\/v2\/users\/90"}],"replies":[{"embeddable":true,"href":"https:\/\/nugnes.com\/index.php?rest_route=%2Fwp%2Fv2%2Fcomments&post=242123"}],"version-history":[{"count":1,"href":"https:\/\/nugnes.com\/index.php?rest_route=\/wp\/v2\/posts\/242123\/revisions"}],"predecessor-version":[{"id":242125,"href":"https:\/\/nugnes.com\/index.php?rest_route=\/wp\/v2\/posts\/242123\/revisions\/242125"}],"wp:attachment":[{"href":"https:\/\/nugnes.com\/index.php?rest_route=%2Fwp%2Fv2%2Fmedia&parent=242123"}],"wp:term":[{"taxonomy":"category","embeddable":true,"href":"https:\/\/nugnes.com\/index.php?rest_route=%2Fwp%2Fv2%2Fcategories&post=242123"},{"taxonomy":"post_tag","embeddable":true,"href":"https:\/\/nugnes.com\/index.php?rest_route=%2Fwp%2Fv2%2Ftags&post=242123"}],"curies":[{"name":"wp","href":"https:\/\/api.w.org\/{rel}","templated":true}]}}