{"id":244253,"date":"2021-08-23T08:14:04","date_gmt":"2021-08-23T08:14:04","guid":{"rendered":"https:\/\/www.fanpage.it\/?p=1487017"},"modified":"2021-08-23T08:14:04","modified_gmt":"2021-08-23T08:14:04","slug":"denise-pipitone-la-mamma-piera-maggio-chi-lha-rapita-non-veniva-da-lontano-e-voleva-lei","status":"publish","type":"post","link":"https:\/\/nugnes.com\/?p=244253","title":{"rendered":"Denise Pipitone, la mamma Piera Maggio: &#8220;Chi l&#8217;ha rapita non veniva da lontano e voleva lei&#8221;"},"content":{"rendered":"<img src=\"https:\/\/static.fanpage.it\/wp-content\/uploads\/2017\/09\/denise-pipitone-scomparsa-da-mazara-del-vallo-638x425.jpg\" \/><br \/>Piera Maggio \u00e8 tornata a parlare della scomparsa della figlia Denise Pipitone, avvenuta a Mazara del Vallo il primo settembre 2004: \"Chi l'ha rapita non veniva da lontano, non \u00e8 una persona sconosciuta. La voleva per una motivazione precisa, facendoci male in modo cos\u00ec atroce. Avere una figlia strappata cos\u00ec violentemente \u00e8 una cosa che non auguro nessuno\".<br \/><a href=\"https:\/\/www.fanpage.it\/attualita\/denise-pipitone-la-mamma-piera-maggio-chi-lha-rapita-non-veniva-da-lontano-e-voleva-lei\/\">Continua a leggere<\/a>","protected":false},"excerpt":{"rendered":"<p>Piera Maggio \u00e8 tornata a parlare della scomparsa della figlia Denise Pipitone, avvenuta a Mazara del Vallo il primo settembre 2004: &#8220;Chi l&#8217;ha rapita non veniva da lontano, non \u00e8 una persona sconosciuta. La voleva per una motivazione precisa, facendoci &#8230;<\/p>\n","protected":false},"author":102,"featured_media":0,"comment_status":"closed","ping_status":"closed","sticky":false,"template":"","format":"standard","meta":{"om_disable_all_campaigns":false,"_monsterinsights_skip_tracking":false,"_monsterinsights_sitenote_active":false,"_monsterinsights_sitenote_note":"","_monsterinsights_sitenote_category":0,"footnotes":""},"categories":[745],"tags":[],"class_list":["post-244253","post","type-post","status-publish","format-standard","hentry","category-attualita"],"aioseo_notices":[],"_links":{"self":[{"href":"https:\/\/nugnes.com\/index.php?rest_route=\/wp\/v2\/posts\/244253","targetHints":{"allow":["GET"]}}],"collection":[{"href":"https:\/\/nugnes.com\/index.php?rest_route=\/wp\/v2\/posts"}],"about":[{"href":"https:\/\/nugnes.com\/index.php?rest_route=\/wp\/v2\/types\/post"}],"author":[{"embeddable":true,"href":"https:\/\/nugnes.com\/index.php?rest_route=\/wp\/v2\/users\/102"}],"replies":[{"embeddable":true,"href":"https:\/\/nugnes.com\/index.php?rest_route=%2Fwp%2Fv2%2Fcomments&post=244253"}],"version-history":[{"count":1,"href":"https:\/\/nugnes.com\/index.php?rest_route=\/wp\/v2\/posts\/244253\/revisions"}],"predecessor-version":[{"id":244254,"href":"https:\/\/nugnes.com\/index.php?rest_route=\/wp\/v2\/posts\/244253\/revisions\/244254"}],"wp:attachment":[{"href":"https:\/\/nugnes.com\/index.php?rest_route=%2Fwp%2Fv2%2Fmedia&parent=244253"}],"wp:term":[{"taxonomy":"category","embeddable":true,"href":"https:\/\/nugnes.com\/index.php?rest_route=%2Fwp%2Fv2%2Fcategories&post=244253"},{"taxonomy":"post_tag","embeddable":true,"href":"https:\/\/nugnes.com\/index.php?rest_route=%2Fwp%2Fv2%2Ftags&post=244253"}],"curies":[{"name":"wp","href":"https:\/\/api.w.org\/{rel}","templated":true}]}}