{"id":247148,"date":"2021-08-30T13:49:28","date_gmt":"2021-08-30T13:49:28","guid":{"rendered":"https:\/\/www.fanpage.it\/?p=1490709"},"modified":"2021-08-30T13:49:28","modified_gmt":"2021-08-30T13:49:28","slug":"green-pass-obbligatorio-per-gli-studenti-universitari-le-conseguenze-per-chi-non-lo-ha","status":"publish","type":"post","link":"https:\/\/nugnes.com\/?p=247148","title":{"rendered":"Green pass obbligatorio per gli studenti universitari: le conseguenze per chi non lo ha"},"content":{"rendered":"<img src=\"https:\/\/static.fanpage.it\/wp-content\/uploads\/2021\/08\/GREEN-PASS-1-IMG-300x225.jpg\" \/><br \/>Il primo settembre il green pass diventer\u00e0 obbligatorio per il personale universitario, ma anche per gli studenti. Per entrare negli atenei sar\u00e0 necessaria la certificazione verde: chi ne \u00e8 sprovvisto pu\u00f2 seguire le lezioni e fare gli esami in didattica a distanza, come nell'ultimo anno e mezzo. Le universit\u00e0, per\u00f2, possono decidere autonomamente: fa discutere la scelta dell'Universit\u00e0 di Trieste, che ha deciso di chiedere il green pass anche per sostenere gli esami a distanza.<br \/><a href=\"https:\/\/www.fanpage.it\/politica\/green-pass-obbligatorio-per-gli-studenti-universitari-le-conseguenze-per-chi-non-lo-ha\/\">Continua a leggere<\/a>","protected":false},"excerpt":{"rendered":"<p>Il primo settembre il green pass diventer\u00e0 obbligatorio per il personale universitario, ma anche per gli studenti. Per entrare negli atenei sar\u00e0 necessaria la certificazione verde: chi ne \u00e8 sprovvisto pu\u00f2 seguire le lezioni e fare gli esami in didattic&#8230;<\/p>\n","protected":false},"author":187,"featured_media":0,"comment_status":"closed","ping_status":"closed","sticky":false,"template":"","format":"standard","meta":{"om_disable_all_campaigns":false,"_monsterinsights_skip_tracking":false,"_monsterinsights_sitenote_active":false,"_monsterinsights_sitenote_note":"","_monsterinsights_sitenote_category":0,"footnotes":""},"categories":[748],"tags":[],"class_list":["post-247148","post","type-post","status-publish","format-standard","hentry","category-politica-italiana"],"aioseo_notices":[],"_links":{"self":[{"href":"https:\/\/nugnes.com\/index.php?rest_route=\/wp\/v2\/posts\/247148","targetHints":{"allow":["GET"]}}],"collection":[{"href":"https:\/\/nugnes.com\/index.php?rest_route=\/wp\/v2\/posts"}],"about":[{"href":"https:\/\/nugnes.com\/index.php?rest_route=\/wp\/v2\/types\/post"}],"author":[{"embeddable":true,"href":"https:\/\/nugnes.com\/index.php?rest_route=\/wp\/v2\/users\/187"}],"replies":[{"embeddable":true,"href":"https:\/\/nugnes.com\/index.php?rest_route=%2Fwp%2Fv2%2Fcomments&post=247148"}],"version-history":[{"count":1,"href":"https:\/\/nugnes.com\/index.php?rest_route=\/wp\/v2\/posts\/247148\/revisions"}],"predecessor-version":[{"id":247149,"href":"https:\/\/nugnes.com\/index.php?rest_route=\/wp\/v2\/posts\/247148\/revisions\/247149"}],"wp:attachment":[{"href":"https:\/\/nugnes.com\/index.php?rest_route=%2Fwp%2Fv2%2Fmedia&parent=247148"}],"wp:term":[{"taxonomy":"category","embeddable":true,"href":"https:\/\/nugnes.com\/index.php?rest_route=%2Fwp%2Fv2%2Fcategories&post=247148"},{"taxonomy":"post_tag","embeddable":true,"href":"https:\/\/nugnes.com\/index.php?rest_route=%2Fwp%2Fv2%2Ftags&post=247148"}],"curies":[{"name":"wp","href":"https:\/\/api.w.org\/{rel}","templated":true}]}}