{"id":248218,"date":"2021-09-02T05:43:56","date_gmt":"2021-09-02T05:43:56","guid":{"rendered":"https:\/\/www.fanpage.it\/roma\/?p=565209"},"modified":"2021-09-02T05:43:56","modified_gmt":"2021-09-02T05:43:56","slug":"meteo-roma-e-lazio-2-settembre-torna-il-caldo-temperature-fino-a-30-gradi","status":"publish","type":"post","link":"https:\/\/nugnes.com\/?p=248218","title":{"rendered":"Meteo Roma e Lazio 2 settembre: torna il caldo, temperature fino a 30 gradi"},"content":{"rendered":"<img src=\"https:\/\/static.fanpage.it\/wp-content\/uploads\/sites\/28\/2021\/08\/caldo-estate-300x225.jpg\" \/><br \/>Sar\u00e0 una giornata con temperature molto alte quella di oggi, gioved\u00ec 2 settembre. A Roma, Latina, Frosinone, Rieti e Viterbo il termometro arriver\u00e0 fino a 30 gradi, il cielo sar\u00e0 sostanzialmente sereno con qualche velatura sparsa, e non sono previste piogge, che invece cadranno nella giornata di domani.<br \/><a href=\"https:\/\/www.fanpage.it\/roma\/meteo-roma-e-lazio-2-settembre-torna-il-caldo-temperature-fino-a-30-gradi\/\">Continua a leggere<\/a>","protected":false},"excerpt":{"rendered":"<p>Sar\u00e0 una giornata con temperature molto alte quella di oggi, gioved\u00ec 2 settembre. A Roma, Latina, Frosinone, Rieti e Viterbo il termometro arriver\u00e0 fino a 30 gradi, il cielo sar\u00e0 sostanzialmente sereno con qualche velatura sparsa, e non sono previste p&#8230;<\/p>\n","protected":false},"author":117,"featured_media":0,"comment_status":"closed","ping_status":"closed","sticky":false,"template":"","format":"standard","meta":{"om_disable_all_campaigns":false,"_monsterinsights_skip_tracking":false,"_monsterinsights_sitenote_active":false,"_monsterinsights_sitenote_note":"","_monsterinsights_sitenote_category":0,"footnotes":""},"categories":[139],"tags":[],"class_list":["post-248218","post","type-post","status-publish","format-standard","hentry","category-meteo"],"aioseo_notices":[],"_links":{"self":[{"href":"https:\/\/nugnes.com\/index.php?rest_route=\/wp\/v2\/posts\/248218","targetHints":{"allow":["GET"]}}],"collection":[{"href":"https:\/\/nugnes.com\/index.php?rest_route=\/wp\/v2\/posts"}],"about":[{"href":"https:\/\/nugnes.com\/index.php?rest_route=\/wp\/v2\/types\/post"}],"author":[{"embeddable":true,"href":"https:\/\/nugnes.com\/index.php?rest_route=\/wp\/v2\/users\/117"}],"replies":[{"embeddable":true,"href":"https:\/\/nugnes.com\/index.php?rest_route=%2Fwp%2Fv2%2Fcomments&post=248218"}],"version-history":[{"count":1,"href":"https:\/\/nugnes.com\/index.php?rest_route=\/wp\/v2\/posts\/248218\/revisions"}],"predecessor-version":[{"id":248219,"href":"https:\/\/nugnes.com\/index.php?rest_route=\/wp\/v2\/posts\/248218\/revisions\/248219"}],"wp:attachment":[{"href":"https:\/\/nugnes.com\/index.php?rest_route=%2Fwp%2Fv2%2Fmedia&parent=248218"}],"wp:term":[{"taxonomy":"category","embeddable":true,"href":"https:\/\/nugnes.com\/index.php?rest_route=%2Fwp%2Fv2%2Fcategories&post=248218"},{"taxonomy":"post_tag","embeddable":true,"href":"https:\/\/nugnes.com\/index.php?rest_route=%2Fwp%2Fv2%2Ftags&post=248218"}],"curies":[{"name":"wp","href":"https:\/\/api.w.org\/{rel}","templated":true}]}}