{"id":248779,"date":"2021-09-03T08:51:30","date_gmt":"2021-09-03T08:51:30","guid":{"rendered":"https:\/\/donna.fanpage.it\/?p=436652"},"modified":"2021-09-03T08:51:30","modified_gmt":"2021-09-03T08:51:30","slug":"il-primo-giorno-di-scuola-di-leone-lucia-ferragni-dalla-divisa-alla-retta-tutti-i-dettagli-sullistituto","status":"publish","type":"post","link":"https:\/\/nugnes.com\/?p=248779","title":{"rendered":"Il primo giorno di scuola di Leone Lucia Ferragni: dalla divisa alla retta, tutti i dettagli sull&#8217;istituto"},"content":{"rendered":"<img src=\"https:\/\/static.fanpage.it\/wp-content\/uploads\/sites\/11\/2021\/09\/primo-giorno-di-scuola-di-leone-.jpg\" \/><br \/>Anche per Leone, il primo figlio di Chiara Ferragni e Fedez, \u00e8 arrivato il momento di andare a scuola: i genitori hanno condiviso le foto del primo giorno, con le tipiche smorfie di delusione del piccolo. Ma dove studier\u00e0 Leone? I genitori, com'\u00e8 naturale, non hanno badato a spese e la scelta \u00e8 ricaduta su un istituto internazionale. Dalle divise alla retta, ecco tutti i dettagli.<br \/><a href=\"https:\/\/donna.fanpage.it\/il-primo-giorno-di-scuola-di-leone-lucia-ferragni-dalla-divisa-alla-retta-tutti-i-dettagli-sullistituto\/\">Continua a leggere<\/a>","protected":false},"excerpt":{"rendered":"<p>Anche per Leone, il primo figlio di Chiara Ferragni e Fedez, \u00e8 arrivato il momento di andare a scuola: i genitori hanno condiviso le foto del primo giorno, con le tipiche smorfie di delusione del piccolo. Ma dove studier\u00e0 Leone? I genitori, com&#8217;\u00e8 natur&#8230;<\/p>\n","protected":false},"author":236,"featured_media":0,"comment_status":"closed","ping_status":"closed","sticky":false,"template":"","format":"standard","meta":{"om_disable_all_campaigns":false,"_monsterinsights_skip_tracking":false,"_monsterinsights_sitenote_active":false,"_monsterinsights_sitenote_note":"","_monsterinsights_sitenote_category":0,"footnotes":""},"categories":[795,744],"tags":[],"class_list":["post-248779","post","type-post","status-publish","format-standard","hentry","category-celebrita","category-news"],"aioseo_notices":[],"_links":{"self":[{"href":"https:\/\/nugnes.com\/index.php?rest_route=\/wp\/v2\/posts\/248779","targetHints":{"allow":["GET"]}}],"collection":[{"href":"https:\/\/nugnes.com\/index.php?rest_route=\/wp\/v2\/posts"}],"about":[{"href":"https:\/\/nugnes.com\/index.php?rest_route=\/wp\/v2\/types\/post"}],"author":[{"embeddable":true,"href":"https:\/\/nugnes.com\/index.php?rest_route=\/wp\/v2\/users\/236"}],"replies":[{"embeddable":true,"href":"https:\/\/nugnes.com\/index.php?rest_route=%2Fwp%2Fv2%2Fcomments&post=248779"}],"version-history":[{"count":1,"href":"https:\/\/nugnes.com\/index.php?rest_route=\/wp\/v2\/posts\/248779\/revisions"}],"predecessor-version":[{"id":248780,"href":"https:\/\/nugnes.com\/index.php?rest_route=\/wp\/v2\/posts\/248779\/revisions\/248780"}],"wp:attachment":[{"href":"https:\/\/nugnes.com\/index.php?rest_route=%2Fwp%2Fv2%2Fmedia&parent=248779"}],"wp:term":[{"taxonomy":"category","embeddable":true,"href":"https:\/\/nugnes.com\/index.php?rest_route=%2Fwp%2Fv2%2Fcategories&post=248779"},{"taxonomy":"post_tag","embeddable":true,"href":"https:\/\/nugnes.com\/index.php?rest_route=%2Fwp%2Fv2%2Ftags&post=248779"}],"curies":[{"name":"wp","href":"https:\/\/api.w.org\/{rel}","templated":true}]}}