{"id":248783,"date":"2021-09-03T08:50:23","date_gmt":"2021-09-03T08:50:23","guid":{"rendered":"https:\/\/www.fanpage.it\/?p=1492932"},"modified":"2021-09-03T08:50:23","modified_gmt":"2021-09-03T08:50:23","slug":"decine-di-volontari-in-val-zoldana-alla-ricerca-di-federico-lugato-la-moglie-vivo-aiutatemi","status":"publish","type":"post","link":"https:\/\/nugnes.com\/?p=248783","title":{"rendered":"Decine di volontari in Val Zoldana alla ricerca di Federico Lugato, la moglie: &rdquo;&Egrave; vivo, aiutatemi&#8221;"},"content":{"rendered":"<img src=\"https:\/\/static.fanpage.it\/wp-content\/uploads\/2021\/09\/federico-elena-1630657445318-300x225.jpeg\" \/><br \/>Sono almeno 200 le persone che in questi giorni hanno raggiunto la Val Zoldana in Veneto alla ricerca del 39enne Federico Lugato scomparso lo scorso 26 agosto dopo un'escursione. La moglie Elena ha lanciato un appello affinch\u00e9 esperti e volontari partecipino alle ricerche del marito: \"\u00c8 vivo, \u00e8 l\u00ec fuori che ci aspetta, se c'\u00e8 qualcuno che pu\u00f2 farcelo \u00e8 lui\".<br \/><a href=\"https:\/\/www.fanpage.it\/attualita\/decine-di-volontari-in-val-zoldana-alla-ricerca-di-federico-lugato-la-moglie-e-vivo-aiutatemi\/\">Continua a leggere<\/a>","protected":false},"excerpt":{"rendered":"<p>Sono almeno 200 le persone che in questi giorni hanno raggiunto la Val Zoldana in Veneto alla ricerca del 39enne Federico Lugato scomparso lo scorso 26 agosto dopo un&#8217;escursione. La moglie Elena ha lanciato un appello affinch\u00e9 esperti e volontari parte&#8230;<\/p>\n","protected":false},"author":119,"featured_media":0,"comment_status":"closed","ping_status":"closed","sticky":false,"template":"","format":"standard","meta":{"om_disable_all_campaigns":false,"_monsterinsights_skip_tracking":false,"_monsterinsights_sitenote_active":false,"_monsterinsights_sitenote_note":"","_monsterinsights_sitenote_category":0,"footnotes":""},"categories":[745,830],"tags":[],"class_list":["post-248783","post","type-post","status-publish","format-standard","hentry","category-attualita","category-persone-scomparse"],"aioseo_notices":[],"_links":{"self":[{"href":"https:\/\/nugnes.com\/index.php?rest_route=\/wp\/v2\/posts\/248783","targetHints":{"allow":["GET"]}}],"collection":[{"href":"https:\/\/nugnes.com\/index.php?rest_route=\/wp\/v2\/posts"}],"about":[{"href":"https:\/\/nugnes.com\/index.php?rest_route=\/wp\/v2\/types\/post"}],"author":[{"embeddable":true,"href":"https:\/\/nugnes.com\/index.php?rest_route=\/wp\/v2\/users\/119"}],"replies":[{"embeddable":true,"href":"https:\/\/nugnes.com\/index.php?rest_route=%2Fwp%2Fv2%2Fcomments&post=248783"}],"version-history":[{"count":1,"href":"https:\/\/nugnes.com\/index.php?rest_route=\/wp\/v2\/posts\/248783\/revisions"}],"predecessor-version":[{"id":248784,"href":"https:\/\/nugnes.com\/index.php?rest_route=\/wp\/v2\/posts\/248783\/revisions\/248784"}],"wp:attachment":[{"href":"https:\/\/nugnes.com\/index.php?rest_route=%2Fwp%2Fv2%2Fmedia&parent=248783"}],"wp:term":[{"taxonomy":"category","embeddable":true,"href":"https:\/\/nugnes.com\/index.php?rest_route=%2Fwp%2Fv2%2Fcategories&post=248783"},{"taxonomy":"post_tag","embeddable":true,"href":"https:\/\/nugnes.com\/index.php?rest_route=%2Fwp%2Fv2%2Ftags&post=248783"}],"curies":[{"name":"wp","href":"https:\/\/api.w.org\/{rel}","templated":true}]}}