{"id":248795,"date":"2021-09-03T08:39:02","date_gmt":"2021-09-03T08:39:02","guid":{"rendered":"https:\/\/www.fanpage.it\/roma\/?p=565366"},"modified":"2021-09-03T08:39:02","modified_gmt":"2021-09-03T08:39:02","slug":"damato-sbugiarda-la-asl-su-ostia-non-voler-nessun-drone-per-misurare-la-temperatura","status":"publish","type":"post","link":"https:\/\/nugnes.com\/?p=248795","title":{"rendered":"D&#8217;Amato sbugiarda la Asl: &#8220;Su Ostia non voler&agrave; nessun drone per misurare la temperatura&#8221;"},"content":{"rendered":"<img src=\"https:\/\/static.fanpage.it\/wp-content\/uploads\/sites\/28\/2021\/09\/drone-ostia-spiaggia.jpg\" \/><br \/>L'assessore regionale alla Sanit\u00e0 del Lazio Alessio D'Amato \u00e8 intervenuto sull'iniziativa lanciata dalla Asl Roma 3, chiarendo che non fa parte del programma dell'Unit\u00e0 di Crisi Covid-19 e che \"su Ostia non voler\u00e0 nessun drone per misurare la temperatura\". L'esperimento era in programma per il weekend.<br \/><a href=\"https:\/\/www.fanpage.it\/roma\/damato-sbugiarda-lasl-su-ostia-non-volera-nessun-drone-per-misurare-la-temperatura\/\">Continua a leggere<\/a>","protected":false},"excerpt":{"rendered":"<p>L&#8217;assessore regionale alla Sanit\u00e0 del Lazio Alessio D&#8217;Amato \u00e8 intervenuto sull&#8217;iniziativa lanciata dalla Asl Roma 3, chiarendo che non fa parte del programma dell&#8217;Unit\u00e0 di Crisi Covid-19 e che &#8220;su Ostia non voler\u00e0 nessun drone per misurare la temperatu&#8230;<\/p>\n","protected":false},"author":99,"featured_media":0,"comment_status":"closed","ping_status":"closed","sticky":false,"template":"","format":"standard","meta":{"om_disable_all_campaigns":false,"_monsterinsights_skip_tracking":false,"_monsterinsights_sitenote_active":false,"_monsterinsights_sitenote_note":"","_monsterinsights_sitenote_category":0,"footnotes":""},"categories":[745],"tags":[],"class_list":["post-248795","post","type-post","status-publish","format-standard","hentry","category-attualita"],"aioseo_notices":[],"_links":{"self":[{"href":"https:\/\/nugnes.com\/index.php?rest_route=\/wp\/v2\/posts\/248795","targetHints":{"allow":["GET"]}}],"collection":[{"href":"https:\/\/nugnes.com\/index.php?rest_route=\/wp\/v2\/posts"}],"about":[{"href":"https:\/\/nugnes.com\/index.php?rest_route=\/wp\/v2\/types\/post"}],"author":[{"embeddable":true,"href":"https:\/\/nugnes.com\/index.php?rest_route=\/wp\/v2\/users\/99"}],"replies":[{"embeddable":true,"href":"https:\/\/nugnes.com\/index.php?rest_route=%2Fwp%2Fv2%2Fcomments&post=248795"}],"version-history":[{"count":1,"href":"https:\/\/nugnes.com\/index.php?rest_route=\/wp\/v2\/posts\/248795\/revisions"}],"predecessor-version":[{"id":248796,"href":"https:\/\/nugnes.com\/index.php?rest_route=\/wp\/v2\/posts\/248795\/revisions\/248796"}],"wp:attachment":[{"href":"https:\/\/nugnes.com\/index.php?rest_route=%2Fwp%2Fv2%2Fmedia&parent=248795"}],"wp:term":[{"taxonomy":"category","embeddable":true,"href":"https:\/\/nugnes.com\/index.php?rest_route=%2Fwp%2Fv2%2Fcategories&post=248795"},{"taxonomy":"post_tag","embeddable":true,"href":"https:\/\/nugnes.com\/index.php?rest_route=%2Fwp%2Fv2%2Ftags&post=248795"}],"curies":[{"name":"wp","href":"https:\/\/api.w.org\/{rel}","templated":true}]}}