{"id":248985,"date":"2021-09-03T13:32:20","date_gmt":"2021-09-03T13:32:20","guid":{"rendered":"https:\/\/www.fanpage.it\/napoli\/?p=133850"},"modified":"2021-09-03T13:32:20","modified_gmt":"2021-09-03T13:32:20","slug":"de-luca-quando-si-far-la-terza-dose-di-vaccino-sar-l-a-farla","status":"publish","type":"post","link":"https:\/\/nugnes.com\/?p=248985","title":{"rendered":"De Luca: &#8220;Quando si far&agrave; la terza dose di vaccino sar&ograve; l&igrave; a farla&#8221;"},"content":{"rendered":"<img src=\"https:\/\/static.fanpage.it\/wp-content\/uploads\/sites\/30\/2020\/12\/de-luca-vaccino-big-1609101901096.jpg\" \/><br \/>Il presidente della Regione Campania Vincenzo De Luca annuncia che sar\u00e0 tra i primi a fare la nuova dose di vaccino anti-Covid cos\u00ec come accadde (non senza polemiche) un anno fa: \"Quando si dovr\u00e0 fare la terza dose di vaccino sar\u00f2 l\u00ec a farla. Che poi non \u00e8 la terza dose, semmai \u00e8 il secondo richiamo del vaccino gi\u00e0 fatto...\".<br \/><a href=\"https:\/\/www.fanpage.it\/napoli\/de-luca-quando-si-fara-la-terza-dose-di-vaccino-saro-li-a-farla\/\">Continua a leggere<\/a>","protected":false},"excerpt":{"rendered":"<p>Il presidente della Regione Campania Vincenzo De Luca annuncia che sar\u00e0 tra i primi a fare la nuova dose di vaccino anti-Covid cos\u00ec come accadde (non senza polemiche) un anno fa: &#8220;Quando si dovr\u00e0 fare la terza dose di vaccino sar\u00f2 l\u00ec a farla. Che poi n&#8230;<\/p>\n","protected":false},"author":140,"featured_media":0,"comment_status":"closed","ping_status":"closed","sticky":false,"template":"","format":"standard","meta":{"om_disable_all_campaigns":false,"_monsterinsights_skip_tracking":false,"_monsterinsights_sitenote_active":false,"_monsterinsights_sitenote_note":"","_monsterinsights_sitenote_category":0,"footnotes":""},"categories":[745,223],"tags":[],"class_list":["post-248985","post","type-post","status-publish","format-standard","hentry","category-attualita","category-campania"],"aioseo_notices":[],"_links":{"self":[{"href":"https:\/\/nugnes.com\/index.php?rest_route=\/wp\/v2\/posts\/248985","targetHints":{"allow":["GET"]}}],"collection":[{"href":"https:\/\/nugnes.com\/index.php?rest_route=\/wp\/v2\/posts"}],"about":[{"href":"https:\/\/nugnes.com\/index.php?rest_route=\/wp\/v2\/types\/post"}],"author":[{"embeddable":true,"href":"https:\/\/nugnes.com\/index.php?rest_route=\/wp\/v2\/users\/140"}],"replies":[{"embeddable":true,"href":"https:\/\/nugnes.com\/index.php?rest_route=%2Fwp%2Fv2%2Fcomments&post=248985"}],"version-history":[{"count":1,"href":"https:\/\/nugnes.com\/index.php?rest_route=\/wp\/v2\/posts\/248985\/revisions"}],"predecessor-version":[{"id":248986,"href":"https:\/\/nugnes.com\/index.php?rest_route=\/wp\/v2\/posts\/248985\/revisions\/248986"}],"wp:attachment":[{"href":"https:\/\/nugnes.com\/index.php?rest_route=%2Fwp%2Fv2%2Fmedia&parent=248985"}],"wp:term":[{"taxonomy":"category","embeddable":true,"href":"https:\/\/nugnes.com\/index.php?rest_route=%2Fwp%2Fv2%2Fcategories&post=248985"},{"taxonomy":"post_tag","embeddable":true,"href":"https:\/\/nugnes.com\/index.php?rest_route=%2Fwp%2Fv2%2Ftags&post=248985"}],"curies":[{"name":"wp","href":"https:\/\/api.w.org\/{rel}","templated":true}]}}