{"id":248989,"date":"2021-09-03T13:22:45","date_gmt":"2021-09-03T13:22:45","guid":{"rendered":"https:\/\/www.fanpage.it\/roma\/?p=565445"},"modified":"2021-09-03T13:22:45","modified_gmt":"2021-09-03T13:22:45","slug":"sigillata-la-palestra-della-legalit-a-san-basilio-raggi-atto-intimidatorio-non-ho-paura","status":"publish","type":"post","link":"https:\/\/nugnes.com\/?p=248989","title":{"rendered":"Sigillata la palestra della legalit&agrave; a San Basilio, Raggi: &#8220;Atto intimidatorio, non ho paura&#8221;"},"content":{"rendered":"<img src=\"https:\/\/static.fanpage.it\/wp-content\/uploads\/sites\/28\/2021\/09\/palestra-della-legalita\u0300-atto-intimidatorio-san-basilio.jpg\" \/><br \/>\"Un atto intimidatorio, ma non ho paura\" \u00e8 il commento di Virginia Raggi davanti alle serrande della 'palestra della legalit\u00e0' di via Tranfi a Roma, sigillate nella notte per mano di ignoti. La sindaca stamattina \u00e8 andata a San Basilio insieme a Giuseppe Conte, per la presentazione della lista del Movimento Cinque Stelle.<br \/><a href=\"https:\/\/www.fanpage.it\/roma\/sigillata-la-palestra-della-legalita-a-san-basilio-raggi-atto-intimidatorio-non-ho-paura\/\">Continua a leggere<\/a>","protected":false},"excerpt":{"rendered":"<p>&#8220;Un atto intimidatorio, ma non ho paura&#8221; \u00e8 il commento di Virginia Raggi davanti alle serrande della &#8216;palestra della legalit\u00e0&#8217; di via Tranfi a Roma, sigillate nella notte per mano di ignoti. La sindaca stamattina \u00e8 andata a San Basilio insieme a Giusep&#8230;<\/p>\n","protected":false},"author":99,"featured_media":0,"comment_status":"closed","ping_status":"closed","sticky":false,"template":"","format":"standard","meta":{"om_disable_all_campaigns":false,"_monsterinsights_skip_tracking":false,"_monsterinsights_sitenote_active":false,"_monsterinsights_sitenote_note":"","_monsterinsights_sitenote_category":0,"footnotes":""},"categories":[15],"tags":[],"class_list":["post-248989","post","type-post","status-publish","format-standard","hentry","category-politica"],"aioseo_notices":[],"_links":{"self":[{"href":"https:\/\/nugnes.com\/index.php?rest_route=\/wp\/v2\/posts\/248989","targetHints":{"allow":["GET"]}}],"collection":[{"href":"https:\/\/nugnes.com\/index.php?rest_route=\/wp\/v2\/posts"}],"about":[{"href":"https:\/\/nugnes.com\/index.php?rest_route=\/wp\/v2\/types\/post"}],"author":[{"embeddable":true,"href":"https:\/\/nugnes.com\/index.php?rest_route=\/wp\/v2\/users\/99"}],"replies":[{"embeddable":true,"href":"https:\/\/nugnes.com\/index.php?rest_route=%2Fwp%2Fv2%2Fcomments&post=248989"}],"version-history":[{"count":1,"href":"https:\/\/nugnes.com\/index.php?rest_route=\/wp\/v2\/posts\/248989\/revisions"}],"predecessor-version":[{"id":248990,"href":"https:\/\/nugnes.com\/index.php?rest_route=\/wp\/v2\/posts\/248989\/revisions\/248990"}],"wp:attachment":[{"href":"https:\/\/nugnes.com\/index.php?rest_route=%2Fwp%2Fv2%2Fmedia&parent=248989"}],"wp:term":[{"taxonomy":"category","embeddable":true,"href":"https:\/\/nugnes.com\/index.php?rest_route=%2Fwp%2Fv2%2Fcategories&post=248989"},{"taxonomy":"post_tag","embeddable":true,"href":"https:\/\/nugnes.com\/index.php?rest_route=%2Fwp%2Fv2%2Ftags&post=248989"}],"curies":[{"name":"wp","href":"https:\/\/api.w.org\/{rel}","templated":true}]}}