{"id":249879,"date":"2021-09-06T12:05:13","date_gmt":"2021-09-06T12:05:13","guid":{"rendered":"https:\/\/www.fanpage.it\/?p=1494308"},"modified":"2021-09-06T12:05:13","modified_gmt":"2021-09-06T12:05:13","slug":"scuola-a-met-settembre-arriva-lapp-per-verificare-il-green-pass-di-docenti-e-personale","status":"publish","type":"post","link":"https:\/\/nugnes.com\/?p=249879","title":{"rendered":"Scuola, a met&agrave; settembre arriva l&#8217;app per verificare il Green Pass di docenti e personale"},"content":{"rendered":"<img src=\"https:\/\/static.fanpage.it\/wp-content\/uploads\/2021\/09\/GREEN-PASS-3-FANPAGE-IMG-1-300x225.jpg\" \/><br \/>Dovrebbe fare ingresso a scuola a partire dal 13 settembre. Ecco come funzioner\u00e0 la nuova app per il controllo del Green pass di docenti e personale scolastico. Se il sistema segnaler\u00e0 per cinque giorni la mancata validit\u00e0 della certificazione scatter\u00e0 la sospensione dal lavoro e dallo stipendio.<br \/><a href=\"https:\/\/www.fanpage.it\/politica\/scuola-a-meta-settembre-arriva-lapp-per-verificare-il-green-pass-di-docenti-e-personale\/\">Continua a leggere<\/a>","protected":false},"excerpt":{"rendered":"<p>Dovrebbe fare ingresso a scuola a partire dal 13 settembre. Ecco come funzioner\u00e0 la nuova app per il controllo del Green pass di docenti e personale scolastico. Se il sistema segnaler\u00e0 per cinque giorni la mancata validit\u00e0 della certificazione scatter\u00e0&#8230;<\/p>\n","protected":false},"author":272,"featured_media":0,"comment_status":"closed","ping_status":"closed","sticky":false,"template":"","format":"standard","meta":{"om_disable_all_campaigns":false,"_monsterinsights_skip_tracking":false,"_monsterinsights_sitenote_active":false,"_monsterinsights_sitenote_note":"","_monsterinsights_sitenote_category":0,"footnotes":""},"categories":[748,222],"tags":[],"class_list":["post-249879","post","type-post","status-publish","format-standard","hentry","category-politica-italiana","category-scuola"],"aioseo_notices":[],"_links":{"self":[{"href":"https:\/\/nugnes.com\/index.php?rest_route=\/wp\/v2\/posts\/249879","targetHints":{"allow":["GET"]}}],"collection":[{"href":"https:\/\/nugnes.com\/index.php?rest_route=\/wp\/v2\/posts"}],"about":[{"href":"https:\/\/nugnes.com\/index.php?rest_route=\/wp\/v2\/types\/post"}],"author":[{"embeddable":true,"href":"https:\/\/nugnes.com\/index.php?rest_route=\/wp\/v2\/users\/272"}],"replies":[{"embeddable":true,"href":"https:\/\/nugnes.com\/index.php?rest_route=%2Fwp%2Fv2%2Fcomments&post=249879"}],"version-history":[{"count":1,"href":"https:\/\/nugnes.com\/index.php?rest_route=\/wp\/v2\/posts\/249879\/revisions"}],"predecessor-version":[{"id":249880,"href":"https:\/\/nugnes.com\/index.php?rest_route=\/wp\/v2\/posts\/249879\/revisions\/249880"}],"wp:attachment":[{"href":"https:\/\/nugnes.com\/index.php?rest_route=%2Fwp%2Fv2%2Fmedia&parent=249879"}],"wp:term":[{"taxonomy":"category","embeddable":true,"href":"https:\/\/nugnes.com\/index.php?rest_route=%2Fwp%2Fv2%2Fcategories&post=249879"},{"taxonomy":"post_tag","embeddable":true,"href":"https:\/\/nugnes.com\/index.php?rest_route=%2Fwp%2Fv2%2Ftags&post=249879"}],"curies":[{"name":"wp","href":"https:\/\/api.w.org\/{rel}","templated":true}]}}