{"id":250960,"date":"2021-09-08T08:41:56","date_gmt":"2021-09-08T08:41:56","guid":{"rendered":"https:\/\/tech.fanpage.it\/?p=243512"},"modified":"2021-09-08T08:41:56","modified_gmt":"2021-09-08T08:41:56","slug":"quando-esce-iphone-13-la-data-dellevento-apple-il-14-settembre","status":"publish","type":"post","link":"https:\/\/nugnes.com\/?p=250960","title":{"rendered":"Quando esce iPhone 13, la data dell&#8217;evento apple &egrave; il 14 settembre"},"content":{"rendered":"<img src=\"https:\/\/static.fanpage.it\/wp-content\/uploads\/sites\/6\/2021\/09\/iphone-13-uscita-300x225.jpg\" \/><br \/>Fino a settimana scorsa non era ancora chiaro quando si sarebbe tenuto l'evento di presentazione all'Apple Park di Cupertino, ma ora questa informazione \u00e8 stata rilasciata ufficialmente: il sipario sulla gamma iPhone 13 si alzer\u00e0 marted\u00ec prossimo, il che lascia immaginare che i nuovi smartphone potrebbero arrivare nei negozi gi\u00e0 venerd\u00ec 24 settembre.<br \/><a href=\"https:\/\/tech.fanpage.it\/quando-esce-iphone-13-la-data-dellevento-apple-e-il-14-settembre\/\">Continua a leggere<\/a>","protected":false},"excerpt":{"rendered":"<p>Fino a settimana scorsa non era ancora chiaro quando si sarebbe tenuto l&#8217;evento di presentazione all&#8217;Apple Park di Cupertino, ma ora questa informazione \u00e8 stata rilasciata ufficialmente: il sipario sulla gamma iPhone 13 si alzer\u00e0 marted\u00ec prossimo, il c&#8230;<\/p>\n","protected":false},"author":172,"featured_media":0,"comment_status":"closed","ping_status":"closed","sticky":false,"template":"","format":"standard","meta":{"om_disable_all_campaigns":false,"_monsterinsights_skip_tracking":false,"_monsterinsights_sitenote_active":false,"_monsterinsights_sitenote_note":"","_monsterinsights_sitenote_category":0,"footnotes":""},"categories":[855,744],"tags":[],"class_list":["post-250960","post","type-post","status-publish","format-standard","hentry","category-apple","category-news"],"aioseo_notices":[],"_links":{"self":[{"href":"https:\/\/nugnes.com\/index.php?rest_route=\/wp\/v2\/posts\/250960","targetHints":{"allow":["GET"]}}],"collection":[{"href":"https:\/\/nugnes.com\/index.php?rest_route=\/wp\/v2\/posts"}],"about":[{"href":"https:\/\/nugnes.com\/index.php?rest_route=\/wp\/v2\/types\/post"}],"author":[{"embeddable":true,"href":"https:\/\/nugnes.com\/index.php?rest_route=\/wp\/v2\/users\/172"}],"replies":[{"embeddable":true,"href":"https:\/\/nugnes.com\/index.php?rest_route=%2Fwp%2Fv2%2Fcomments&post=250960"}],"version-history":[{"count":1,"href":"https:\/\/nugnes.com\/index.php?rest_route=\/wp\/v2\/posts\/250960\/revisions"}],"predecessor-version":[{"id":250961,"href":"https:\/\/nugnes.com\/index.php?rest_route=\/wp\/v2\/posts\/250960\/revisions\/250961"}],"wp:attachment":[{"href":"https:\/\/nugnes.com\/index.php?rest_route=%2Fwp%2Fv2%2Fmedia&parent=250960"}],"wp:term":[{"taxonomy":"category","embeddable":true,"href":"https:\/\/nugnes.com\/index.php?rest_route=%2Fwp%2Fv2%2Fcategories&post=250960"},{"taxonomy":"post_tag","embeddable":true,"href":"https:\/\/nugnes.com\/index.php?rest_route=%2Fwp%2Fv2%2Ftags&post=250960"}],"curies":[{"name":"wp","href":"https:\/\/api.w.org\/{rel}","templated":true}]}}