{"id":251190,"date":"2021-09-08T15:25:30","date_gmt":"2021-09-08T15:25:30","guid":{"rendered":"https:\/\/www.fanpage.it\/?p=1496196"},"modified":"2021-09-08T15:25:30","modified_gmt":"2021-09-08T15:25:30","slug":"ddl-zan-rinviato-ancora-la-legge-contro-lomofobia-si-discuter-dopo-le-amministrative","status":"publish","type":"post","link":"https:\/\/nugnes.com\/?p=251190","title":{"rendered":"Ddl Zan rinviato ancora: la legge contro l&#8217;omofobia si discuter&agrave; dopo le amministrative"},"content":{"rendered":"<img src=\"https:\/\/static.fanpage.it\/wp-content\/uploads\/2021\/05\/12853777_medium-300x225.jpg\" \/><br \/>Il Senato torner\u00e0 a discutere del ddl Zan per il contrasto dell'omofobia dopo le prossime elezioni amministrative. Lo ha deciso la conferenza dei capigruppo. Secondo la senatrice Cirinn\u00e0 \u00e8 una decisione giusta, sia perch\u00e9 ad ottobre ci sar\u00e0 la legge di Bilancio, sia perch\u00e9 \"nell'acuirsi della campagna elettorale, le posizione ideologiche si fanno pi\u00f9 nette e questo finirebbe per stritolare un testo che si occupa di crimini d'odio contro le persone\".<br \/><a href=\"https:\/\/www.fanpage.it\/politica\/ddl-zan-rinviato-ancora-la-legge-contro-lomofobia-si-discutera-dopo-le-amministrative\/\">Continua a leggere<\/a>","protected":false},"excerpt":{"rendered":"<p>Il Senato torner\u00e0 a discutere del ddl Zan per il contrasto dell&#8217;omofobia dopo le prossime elezioni amministrative. Lo ha deciso la conferenza dei capigruppo. Secondo la senatrice Cirinn\u00e0 \u00e8 una decisione giusta, sia perch\u00e9 ad ottobre ci sar\u00e0 la legge di&#8230;<\/p>\n","protected":false},"author":83,"featured_media":0,"comment_status":"closed","ping_status":"closed","sticky":false,"template":"","format":"standard","meta":{"om_disable_all_campaigns":false,"_monsterinsights_skip_tracking":false,"_monsterinsights_sitenote_active":false,"_monsterinsights_sitenote_note":"","_monsterinsights_sitenote_category":0,"footnotes":""},"categories":[748],"tags":[],"class_list":["post-251190","post","type-post","status-publish","format-standard","hentry","category-politica-italiana"],"aioseo_notices":[],"_links":{"self":[{"href":"https:\/\/nugnes.com\/index.php?rest_route=\/wp\/v2\/posts\/251190","targetHints":{"allow":["GET"]}}],"collection":[{"href":"https:\/\/nugnes.com\/index.php?rest_route=\/wp\/v2\/posts"}],"about":[{"href":"https:\/\/nugnes.com\/index.php?rest_route=\/wp\/v2\/types\/post"}],"author":[{"embeddable":true,"href":"https:\/\/nugnes.com\/index.php?rest_route=\/wp\/v2\/users\/83"}],"replies":[{"embeddable":true,"href":"https:\/\/nugnes.com\/index.php?rest_route=%2Fwp%2Fv2%2Fcomments&post=251190"}],"version-history":[{"count":1,"href":"https:\/\/nugnes.com\/index.php?rest_route=\/wp\/v2\/posts\/251190\/revisions"}],"predecessor-version":[{"id":251191,"href":"https:\/\/nugnes.com\/index.php?rest_route=\/wp\/v2\/posts\/251190\/revisions\/251191"}],"wp:attachment":[{"href":"https:\/\/nugnes.com\/index.php?rest_route=%2Fwp%2Fv2%2Fmedia&parent=251190"}],"wp:term":[{"taxonomy":"category","embeddable":true,"href":"https:\/\/nugnes.com\/index.php?rest_route=%2Fwp%2Fv2%2Fcategories&post=251190"},{"taxonomy":"post_tag","embeddable":true,"href":"https:\/\/nugnes.com\/index.php?rest_route=%2Fwp%2Fv2%2Ftags&post=251190"}],"curies":[{"name":"wp","href":"https:\/\/api.w.org\/{rel}","templated":true}]}}