{"id":251194,"date":"2021-09-08T15:16:20","date_gmt":"2021-09-08T15:16:20","guid":{"rendered":"https:\/\/www.fanpage.it\/?p=1496380"},"modified":"2021-09-08T15:16:20","modified_gmt":"2021-09-08T15:16:20","slug":"tragedia-del-mottarone-come-e-quando-sara-rimossa-la-cabina-crollata","status":"publish","type":"post","link":"https:\/\/nugnes.com\/?p=251194","title":{"rendered":"Tragedia del Mottarone, come e quando sar\u00e0 rimossa la cabina crollata"},"content":{"rendered":"<img src=\"https:\/\/static.fanpage.it\/wp-content\/uploads\/2021\/05\/TRAGEDIA-MOTTARONE-2-ARTICOLO-300x225.jpg\" \/><br \/>I periti e legali nel confronto di oggi in tribunale a Verbania hanno deciso che la cabina precipitata lo scorso 23 maggio (14 persone morte) dovr\u00e0 essere rimossa entro il 15 ottobre. La testa fusa rimasta infilzata in un albero sar\u00e0 invece eliminata dai vigili del fuoco luned\u00ec 13 settembre.<br \/><a href=\"https:\/\/www.fanpage.it\/attualita\/tragedia-del-mottarone-come-e-quando-sara-rimossa-la-cabina-crollata\/\">Continua a leggere<\/a>","protected":false},"excerpt":{"rendered":"<p>I periti e legali nel confronto di oggi in tribunale a Verbania hanno deciso che la cabina precipitata lo scorso 23 maggio (14 persone morte) dovr\u00e0 essere rimossa entro il 15 ottobre. La testa fusa rimasta infilzata in un albero sar\u00e0 invece eliminata d&#8230;<\/p>\n","protected":false},"author":93,"featured_media":0,"comment_status":"closed","ping_status":"closed","sticky":false,"template":"","format":"standard","meta":{"om_disable_all_campaigns":false,"_monsterinsights_skip_tracking":false,"_monsterinsights_sitenote_active":false,"_monsterinsights_sitenote_note":"","_monsterinsights_sitenote_category":0,"footnotes":""},"categories":[745],"tags":[],"class_list":["post-251194","post","type-post","status-publish","format-standard","hentry","category-attualita"],"aioseo_notices":[],"_links":{"self":[{"href":"https:\/\/nugnes.com\/index.php?rest_route=\/wp\/v2\/posts\/251194","targetHints":{"allow":["GET"]}}],"collection":[{"href":"https:\/\/nugnes.com\/index.php?rest_route=\/wp\/v2\/posts"}],"about":[{"href":"https:\/\/nugnes.com\/index.php?rest_route=\/wp\/v2\/types\/post"}],"author":[{"embeddable":true,"href":"https:\/\/nugnes.com\/index.php?rest_route=\/wp\/v2\/users\/93"}],"replies":[{"embeddable":true,"href":"https:\/\/nugnes.com\/index.php?rest_route=%2Fwp%2Fv2%2Fcomments&post=251194"}],"version-history":[{"count":1,"href":"https:\/\/nugnes.com\/index.php?rest_route=\/wp\/v2\/posts\/251194\/revisions"}],"predecessor-version":[{"id":251195,"href":"https:\/\/nugnes.com\/index.php?rest_route=\/wp\/v2\/posts\/251194\/revisions\/251195"}],"wp:attachment":[{"href":"https:\/\/nugnes.com\/index.php?rest_route=%2Fwp%2Fv2%2Fmedia&parent=251194"}],"wp:term":[{"taxonomy":"category","embeddable":true,"href":"https:\/\/nugnes.com\/index.php?rest_route=%2Fwp%2Fv2%2Fcategories&post=251194"},{"taxonomy":"post_tag","embeddable":true,"href":"https:\/\/nugnes.com\/index.php?rest_route=%2Fwp%2Fv2%2Ftags&post=251194"}],"curies":[{"name":"wp","href":"https:\/\/api.w.org\/{rel}","templated":true}]}}