{"id":251397,"date":"2021-09-09T05:59:18","date_gmt":"2021-09-09T05:59:18","guid":{"rendered":"https:\/\/www.fanpage.it\/?p=1496754"},"modified":"2021-09-09T05:59:18","modified_gmt":"2021-09-09T05:59:18","slug":"terza-dose-in-autunno-prima-ai-fragili-over-80-e-anziani-delle-rsa-poi-agli-operatori-sanitari","status":"publish","type":"post","link":"https:\/\/nugnes.com\/?p=251397","title":{"rendered":"Terza dose in autunno: prima ai fragili, over 80 e anziani delle Rsa, poi agli operatori sanitari"},"content":{"rendered":"<img src=\"https:\/\/static.fanpage.it\/wp-content\/uploads\/2021\/03\/VACCINO-VS-COVID-19-1-ARTICOLO-300x225.jpeg\" \/><br \/>In arrivo la terza dose di vaccino, per pazienti immunodepressi il richiamo sar\u00e0 effettuato gi\u00e0 a settembre. Poi sar\u00e0 il turno degli over 80, degli anziani in Rsa e degli operatori sanitari pi\u00f9 a rischio di esposizione al contagio, che si sono immunizzati all'inizio del 2020. In tutto una platea di circa 9 milioni di persone.<br \/><a href=\"https:\/\/www.fanpage.it\/politica\/terza-dose-in-autunno-prima-ai-fragili-over-80-e-anziani-delle-rsa-poi-agli-operatori-sanitari\/\">Continua a leggere<\/a>","protected":false},"excerpt":{"rendered":"<p>In arrivo la terza dose di vaccino, per pazienti immunodepressi il richiamo sar\u00e0 effettuato gi\u00e0 a settembre. Poi sar\u00e0 il turno degli over 80, degli anziani in Rsa e degli operatori sanitari pi\u00f9 a rischio di esposizione al contagio, che si sono immunizz&#8230;<\/p>\n","protected":false},"author":83,"featured_media":0,"comment_status":"closed","ping_status":"closed","sticky":false,"template":"","format":"standard","meta":{"om_disable_all_campaigns":false,"_monsterinsights_skip_tracking":false,"_monsterinsights_sitenote_active":false,"_monsterinsights_sitenote_note":"","_monsterinsights_sitenote_category":0,"footnotes":""},"categories":[748],"tags":[],"class_list":["post-251397","post","type-post","status-publish","format-standard","hentry","category-politica-italiana"],"aioseo_notices":[],"_links":{"self":[{"href":"https:\/\/nugnes.com\/index.php?rest_route=\/wp\/v2\/posts\/251397","targetHints":{"allow":["GET"]}}],"collection":[{"href":"https:\/\/nugnes.com\/index.php?rest_route=\/wp\/v2\/posts"}],"about":[{"href":"https:\/\/nugnes.com\/index.php?rest_route=\/wp\/v2\/types\/post"}],"author":[{"embeddable":true,"href":"https:\/\/nugnes.com\/index.php?rest_route=\/wp\/v2\/users\/83"}],"replies":[{"embeddable":true,"href":"https:\/\/nugnes.com\/index.php?rest_route=%2Fwp%2Fv2%2Fcomments&post=251397"}],"version-history":[{"count":1,"href":"https:\/\/nugnes.com\/index.php?rest_route=\/wp\/v2\/posts\/251397\/revisions"}],"predecessor-version":[{"id":251398,"href":"https:\/\/nugnes.com\/index.php?rest_route=\/wp\/v2\/posts\/251397\/revisions\/251398"}],"wp:attachment":[{"href":"https:\/\/nugnes.com\/index.php?rest_route=%2Fwp%2Fv2%2Fmedia&parent=251397"}],"wp:term":[{"taxonomy":"category","embeddable":true,"href":"https:\/\/nugnes.com\/index.php?rest_route=%2Fwp%2Fv2%2Fcategories&post=251397"},{"taxonomy":"post_tag","embeddable":true,"href":"https:\/\/nugnes.com\/index.php?rest_route=%2Fwp%2Fv2%2Ftags&post=251397"}],"curies":[{"name":"wp","href":"https:\/\/api.w.org\/{rel}","templated":true}]}}