{"id":251427,"date":"2021-09-09T07:08:35","date_gmt":"2021-09-09T07:08:35","guid":{"rendered":"https:\/\/www.fanpage.it\/?p=1496815"},"modified":"2021-09-09T07:08:35","modified_gmt":"2021-09-09T07:08:35","slug":"scambiata-in-culla-in-ospedale-lo-scopre-per-caso-15-anni-dopo-la-mia-vita-distrutta","status":"publish","type":"post","link":"https:\/\/nugnes.com\/?p=251427","title":{"rendered":"Scambiata in culla in ospedale, lo scopre per caso 15 anni dopo: &#8220;La mia vita distrutta&#8221;"},"content":{"rendered":"<img src=\"https:\/\/static.fanpage.it\/wp-content\/uploads\/2017\/03\/bambini-culla-300x225.jpg\" \/><br \/>La terribile storia di una ragazza spagnola e della sua coetanea coinvolta nello scambio avvenuto ormai venti anni fa in un ospedale ora dismesso a Logro\u00f1o, capoluogo della comunit\u00e0 autonoma di La Rioja. \"La mia vita \u00e8 stata devastata, \u00e8 stata un inferno\" ha raccontato la giovane che ora ha chiesto un indennizzo di tre milioni di euro al governo locale responsabile dell'ospedale.<br \/><a href=\"https:\/\/www.fanpage.it\/esteri\/scambiata-in-culla-in-ospedale-lo-scopre-per-caso-15-anni-dopo-la-mia-vita-distrutta\/\">Continua a leggere<\/a>","protected":false},"excerpt":{"rendered":"<p>La terribile storia di una ragazza spagnola e della sua coetanea coinvolta nello scambio avvenuto ormai venti anni fa in un ospedale ora dismesso a Logro\u00f1o, capoluogo della comunit\u00e0 autonoma di La Rioja. &#8220;La mia vita \u00e8 stata devastata, \u00e8 stata un infer&#8230;<\/p>\n","protected":false},"author":120,"featured_media":0,"comment_status":"closed","ping_status":"closed","sticky":false,"template":"","format":"standard","meta":{"om_disable_all_campaigns":false,"_monsterinsights_skip_tracking":false,"_monsterinsights_sitenote_active":false,"_monsterinsights_sitenote_note":"","_monsterinsights_sitenote_category":0,"footnotes":""},"categories":[20],"tags":[],"class_list":["post-251427","post","type-post","status-publish","format-standard","hentry","category-esteri"],"aioseo_notices":[],"_links":{"self":[{"href":"https:\/\/nugnes.com\/index.php?rest_route=\/wp\/v2\/posts\/251427","targetHints":{"allow":["GET"]}}],"collection":[{"href":"https:\/\/nugnes.com\/index.php?rest_route=\/wp\/v2\/posts"}],"about":[{"href":"https:\/\/nugnes.com\/index.php?rest_route=\/wp\/v2\/types\/post"}],"author":[{"embeddable":true,"href":"https:\/\/nugnes.com\/index.php?rest_route=\/wp\/v2\/users\/120"}],"replies":[{"embeddable":true,"href":"https:\/\/nugnes.com\/index.php?rest_route=%2Fwp%2Fv2%2Fcomments&post=251427"}],"version-history":[{"count":1,"href":"https:\/\/nugnes.com\/index.php?rest_route=\/wp\/v2\/posts\/251427\/revisions"}],"predecessor-version":[{"id":251428,"href":"https:\/\/nugnes.com\/index.php?rest_route=\/wp\/v2\/posts\/251427\/revisions\/251428"}],"wp:attachment":[{"href":"https:\/\/nugnes.com\/index.php?rest_route=%2Fwp%2Fv2%2Fmedia&parent=251427"}],"wp:term":[{"taxonomy":"category","embeddable":true,"href":"https:\/\/nugnes.com\/index.php?rest_route=%2Fwp%2Fv2%2Fcategories&post=251427"},{"taxonomy":"post_tag","embeddable":true,"href":"https:\/\/nugnes.com\/index.php?rest_route=%2Fwp%2Fv2%2Ftags&post=251427"}],"curies":[{"name":"wp","href":"https:\/\/api.w.org\/{rel}","templated":true}]}}