{"id":251441,"date":"2021-09-09T06:37:17","date_gmt":"2021-09-09T06:37:17","guid":{"rendered":"https:\/\/www.fanpage.it\/milano\/?p=98661"},"modified":"2021-09-09T06:37:17","modified_gmt":"2021-09-09T06:37:17","slug":"fontana-smentisce-salvini-e-meloni-il-green-pass-uno-strumento-di-libert-non-di-oppressione","status":"publish","type":"post","link":"https:\/\/nugnes.com\/?p=251441","title":{"rendered":"Fontana &ldquo;smentisce&rdquo; Salvini e Meloni: &#8220;Il Green pass &egrave; uno strumento di libert&agrave;, non di oppressione&#8221;"},"content":{"rendered":"<img src=\"https:\/\/static.fanpage.it\/wp-content\/uploads\/sites\/3\/2020\/06\/103245033_1241523809521826_6189040316147726264_o-638x425.jpg\" \/><br \/>Il presidente di Regione Lombardia Attilio Fontana appoggia il Green pass smentendo cos\u00ec in parte la posizione del leader della Lega Matteo Salvini contrario all'estensione del certificato verde per i lavoratori. Per il governatore leghista \"il Green pass \u00e8 uno strumento di libert\u00e0, non di oppressione. Solo il vaccino ci eviter\u00e0 una quarta ondata\".<br \/><a href=\"https:\/\/www.fanpage.it\/milano\/fontana-smentisce-salvini-e-meloni-il-green-pass-e-uno-strumento-di-liberta-non-di-oppressione\/\">Continua a leggere<\/a>","protected":false},"excerpt":{"rendered":"<p>Il presidente di Regione Lombardia Attilio Fontana appoggia il Green pass smentendo cos\u00ec in parte la posizione del leader della Lega Matteo Salvini contrario all&#8217;estensione del certificato verde per i lavoratori. Per il governatore leghista &#8220;il Green p&#8230;<\/p>\n","protected":false},"author":222,"featured_media":0,"comment_status":"closed","ping_status":"closed","sticky":false,"template":"","format":"standard","meta":{"om_disable_all_campaigns":false,"_monsterinsights_skip_tracking":false,"_monsterinsights_sitenote_active":false,"_monsterinsights_sitenote_note":"","_monsterinsights_sitenote_category":0,"footnotes":""},"categories":[745,236,15],"tags":[],"class_list":["post-251441","post","type-post","status-publish","format-standard","hentry","category-attualita","category-lombardia","category-politica"],"aioseo_notices":[],"_links":{"self":[{"href":"https:\/\/nugnes.com\/index.php?rest_route=\/wp\/v2\/posts\/251441","targetHints":{"allow":["GET"]}}],"collection":[{"href":"https:\/\/nugnes.com\/index.php?rest_route=\/wp\/v2\/posts"}],"about":[{"href":"https:\/\/nugnes.com\/index.php?rest_route=\/wp\/v2\/types\/post"}],"author":[{"embeddable":true,"href":"https:\/\/nugnes.com\/index.php?rest_route=\/wp\/v2\/users\/222"}],"replies":[{"embeddable":true,"href":"https:\/\/nugnes.com\/index.php?rest_route=%2Fwp%2Fv2%2Fcomments&post=251441"}],"version-history":[{"count":1,"href":"https:\/\/nugnes.com\/index.php?rest_route=\/wp\/v2\/posts\/251441\/revisions"}],"predecessor-version":[{"id":251442,"href":"https:\/\/nugnes.com\/index.php?rest_route=\/wp\/v2\/posts\/251441\/revisions\/251442"}],"wp:attachment":[{"href":"https:\/\/nugnes.com\/index.php?rest_route=%2Fwp%2Fv2%2Fmedia&parent=251441"}],"wp:term":[{"taxonomy":"category","embeddable":true,"href":"https:\/\/nugnes.com\/index.php?rest_route=%2Fwp%2Fv2%2Fcategories&post=251441"},{"taxonomy":"post_tag","embeddable":true,"href":"https:\/\/nugnes.com\/index.php?rest_route=%2Fwp%2Fv2%2Ftags&post=251441"}],"curies":[{"name":"wp","href":"https:\/\/api.w.org\/{rel}","templated":true}]}}