{"id":251465,"date":"2021-09-09T08:30:43","date_gmt":"2021-09-09T08:30:43","guid":{"rendered":"https:\/\/www.fanpage.it\/?p=1496800"},"modified":"2021-09-09T08:30:43","modified_gmt":"2021-09-09T08:30:43","slug":"salvini-dice-si-a-estensione-green-pass-ma-per-danni-da-vaccino-chiede-indennizzi-che-ci-sono-gia","status":"publish","type":"post","link":"https:\/\/nugnes.com\/?p=251465","title":{"rendered":"Salvini dice s\u00ec a estensione green pass, ma per danni da vaccino chiede indennizzi (che ci sono gi\u00e0)"},"content":{"rendered":"<img src=\"https:\/\/static.fanpage.it\/wp-content\/uploads\/2021\/07\/GREEN-PASS-FANPAGE-IMG-1-300x225.jpg\" \/><br \/>Intesa raggiunto tra Lega e governo sull'estensione del green pass. Salvini accetta l'allargamento della certificazione verde ad altri ambiti, ma in cambio chiede gli indennizzi per chi denuncia effetti collaterali gravi legati al vaccino. Ma il risarcimento da parte dello Stato \u00e8 gi\u00e0 previsto, anche se l'immunizzazione contro il Covid non \u00e8 obbligatoria, ma solo fortemente raccomandata.<br \/><a href=\"https:\/\/www.fanpage.it\/politica\/salvini-dice-si-a-estensione-green-pass-ma-per-danni-da-vaccino-chiede-indennizzi-che-ci-sono-gia\/\">Continua a leggere<\/a>","protected":false},"excerpt":{"rendered":"<p>Intesa raggiunto tra Lega e governo sull&#8217;estensione del green pass. Salvini accetta l&#8217;allargamento della certificazione verde ad altri ambiti, ma in cambio chiede gli indennizzi per chi denuncia effetti collaterali gravi legati al vaccino. Ma il risarc&#8230;<\/p>\n","protected":false},"author":83,"featured_media":0,"comment_status":"closed","ping_status":"closed","sticky":false,"template":"","format":"standard","meta":{"om_disable_all_campaigns":false,"_monsterinsights_skip_tracking":false,"_monsterinsights_sitenote_active":false,"_monsterinsights_sitenote_note":"","_monsterinsights_sitenote_category":0,"footnotes":""},"categories":[748],"tags":[],"class_list":["post-251465","post","type-post","status-publish","format-standard","hentry","category-politica-italiana"],"aioseo_notices":[],"_links":{"self":[{"href":"https:\/\/nugnes.com\/index.php?rest_route=\/wp\/v2\/posts\/251465","targetHints":{"allow":["GET"]}}],"collection":[{"href":"https:\/\/nugnes.com\/index.php?rest_route=\/wp\/v2\/posts"}],"about":[{"href":"https:\/\/nugnes.com\/index.php?rest_route=\/wp\/v2\/types\/post"}],"author":[{"embeddable":true,"href":"https:\/\/nugnes.com\/index.php?rest_route=\/wp\/v2\/users\/83"}],"replies":[{"embeddable":true,"href":"https:\/\/nugnes.com\/index.php?rest_route=%2Fwp%2Fv2%2Fcomments&post=251465"}],"version-history":[{"count":1,"href":"https:\/\/nugnes.com\/index.php?rest_route=\/wp\/v2\/posts\/251465\/revisions"}],"predecessor-version":[{"id":251466,"href":"https:\/\/nugnes.com\/index.php?rest_route=\/wp\/v2\/posts\/251465\/revisions\/251466"}],"wp:attachment":[{"href":"https:\/\/nugnes.com\/index.php?rest_route=%2Fwp%2Fv2%2Fmedia&parent=251465"}],"wp:term":[{"taxonomy":"category","embeddable":true,"href":"https:\/\/nugnes.com\/index.php?rest_route=%2Fwp%2Fv2%2Fcategories&post=251465"},{"taxonomy":"post_tag","embeddable":true,"href":"https:\/\/nugnes.com\/index.php?rest_route=%2Fwp%2Fv2%2Ftags&post=251465"}],"curies":[{"name":"wp","href":"https:\/\/api.w.org\/{rel}","templated":true}]}}