{"id":251612,"date":"2021-09-09T09:52:41","date_gmt":"2021-09-09T09:52:41","guid":{"rendered":"https:\/\/tech.fanpage.it\/?p=243642"},"modified":"2021-09-09T09:52:41","modified_gmt":"2021-09-09T09:52:41","slug":"instagram-down-il-social-fotografico-da-ancora-problemi-di-aggiornamento-del-feed","status":"publish","type":"post","link":"https:\/\/nugnes.com\/?p=251612","title":{"rendered":"Instagram down, il social fotografico d\u00e0 ancora problemi di aggiornamento del feed"},"content":{"rendered":"<img src=\"https:\/\/static.fanpage.it\/wp-content\/uploads\/sites\/6\/2020\/01\/image13-638x425.jpg\" \/><br \/>Le segnalazioni stanno affollando il social network Twitter, che come di consueto raccoglie le lamentele degli iscritti rimarsi temporaneamente orfani del social network fotografico. Per il momento per\u00f2 le cause dei malfunzionamenti non sono ancora chiare; quel che emerge dalle testimonianze \u00e8 semplicemente l'impossibilit\u00e0 a utilizzare l'app e il sito web del portale, che per\u00f2 per il momento sembra circoscritta a un numero limitato di persone.<br \/><a href=\"https:\/\/tech.fanpage.it\/instagram-down-il-social-fotografico-da-ancora-problemi-di-aggiornamento-del-feed\/\">Continua a leggere<\/a>","protected":false},"excerpt":{"rendered":"<p>Le segnalazioni stanno affollando il social network Twitter, che come di consueto raccoglie le lamentele degli iscritti rimarsi temporaneamente orfani del social network fotografico. Per il momento per\u00f2 le cause dei malfunzionamenti non sono ancora chi&#8230;<\/p>\n","protected":false},"author":172,"featured_media":0,"comment_status":"closed","ping_status":"closed","sticky":false,"template":"","format":"standard","meta":{"om_disable_all_campaigns":false,"_monsterinsights_skip_tracking":false,"_monsterinsights_sitenote_active":false,"_monsterinsights_sitenote_note":"","_monsterinsights_sitenote_category":0,"footnotes":""},"categories":[508,744],"tags":[],"class_list":["post-251612","post","type-post","status-publish","format-standard","hentry","category-instagram","category-news"],"aioseo_notices":[],"_links":{"self":[{"href":"https:\/\/nugnes.com\/index.php?rest_route=\/wp\/v2\/posts\/251612","targetHints":{"allow":["GET"]}}],"collection":[{"href":"https:\/\/nugnes.com\/index.php?rest_route=\/wp\/v2\/posts"}],"about":[{"href":"https:\/\/nugnes.com\/index.php?rest_route=\/wp\/v2\/types\/post"}],"author":[{"embeddable":true,"href":"https:\/\/nugnes.com\/index.php?rest_route=\/wp\/v2\/users\/172"}],"replies":[{"embeddable":true,"href":"https:\/\/nugnes.com\/index.php?rest_route=%2Fwp%2Fv2%2Fcomments&post=251612"}],"version-history":[{"count":1,"href":"https:\/\/nugnes.com\/index.php?rest_route=\/wp\/v2\/posts\/251612\/revisions"}],"predecessor-version":[{"id":251613,"href":"https:\/\/nugnes.com\/index.php?rest_route=\/wp\/v2\/posts\/251612\/revisions\/251613"}],"wp:attachment":[{"href":"https:\/\/nugnes.com\/index.php?rest_route=%2Fwp%2Fv2%2Fmedia&parent=251612"}],"wp:term":[{"taxonomy":"category","embeddable":true,"href":"https:\/\/nugnes.com\/index.php?rest_route=%2Fwp%2Fv2%2Fcategories&post=251612"},{"taxonomy":"post_tag","embeddable":true,"href":"https:\/\/nugnes.com\/index.php?rest_route=%2Fwp%2Fv2%2Ftags&post=251612"}],"curies":[{"name":"wp","href":"https:\/\/api.w.org\/{rel}","templated":true}]}}