{"id":252141,"date":"2021-09-10T10:54:49","date_gmt":"2021-09-10T10:54:49","guid":{"rendered":"https:\/\/www.fanpage.it\/?p=1498008"},"modified":"2021-09-10T10:54:49","modified_gmt":"2021-09-10T10:54:49","slug":"agguato-in-pieno-centro-a-crotone-in-unagenzia-di-pompe-funebri-un-morto-e-un-ferito","status":"publish","type":"post","link":"https:\/\/nugnes.com\/?p=252141","title":{"rendered":"Agguato in pieno centro a Crotone in un&#8217;agenzia di pompe funebri: un morto e un ferito"},"content":{"rendered":"<img src=\"https:\/\/static.fanpage.it\/wp-content\/uploads\/2021\/09\/241719214_102760672155659_3846651824538539946_n-638x425.jpeg\" \/><br \/>Un uomo \u00e8 morto e un altro \u00e8 rimasto ferito nell'agguato avvenuto nella tarda mattinata di oggi in pieno centro a Crotone. La vittima \u00e8 Mario Scarriglia, 45 anni e titolare di un'agenzia di pompe funebri dove si \u00e8 verificata la sparatoria. La persone ferita \u00e8 stata trasportata nel vicino ospedale civile San Giovanni di Dio in condizioni critiche.<br \/><a href=\"https:\/\/www.fanpage.it\/attualita\/agguato-in-pieno-centro-a-crotone-in-unagenzia-di-pompe-funebri-un-morto-e-un-ferito\/\">Continua a leggere<\/a>","protected":false},"excerpt":{"rendered":"<p>Un uomo \u00e8 morto e un altro \u00e8 rimasto ferito nell&#8217;agguato avvenuto nella tarda mattinata di oggi in pieno centro a Crotone. La vittima \u00e8 Mario Scarriglia, 45 anni e titolare di un&#8217;agenzia di pompe funebri dove si \u00e8 verificata la sparatoria. La persone f&#8230;<\/p>\n","protected":false},"author":119,"featured_media":0,"comment_status":"closed","ping_status":"closed","sticky":false,"template":"","format":"standard","meta":{"om_disable_all_campaigns":false,"_monsterinsights_skip_tracking":false,"_monsterinsights_sitenote_active":false,"_monsterinsights_sitenote_note":"","_monsterinsights_sitenote_category":0,"footnotes":""},"categories":[745,760],"tags":[],"class_list":["post-252141","post","type-post","status-publish","format-standard","hentry","category-attualita","category-cronaca-nera"],"aioseo_notices":[],"_links":{"self":[{"href":"https:\/\/nugnes.com\/index.php?rest_route=\/wp\/v2\/posts\/252141","targetHints":{"allow":["GET"]}}],"collection":[{"href":"https:\/\/nugnes.com\/index.php?rest_route=\/wp\/v2\/posts"}],"about":[{"href":"https:\/\/nugnes.com\/index.php?rest_route=\/wp\/v2\/types\/post"}],"author":[{"embeddable":true,"href":"https:\/\/nugnes.com\/index.php?rest_route=\/wp\/v2\/users\/119"}],"replies":[{"embeddable":true,"href":"https:\/\/nugnes.com\/index.php?rest_route=%2Fwp%2Fv2%2Fcomments&post=252141"}],"version-history":[{"count":1,"href":"https:\/\/nugnes.com\/index.php?rest_route=\/wp\/v2\/posts\/252141\/revisions"}],"predecessor-version":[{"id":252142,"href":"https:\/\/nugnes.com\/index.php?rest_route=\/wp\/v2\/posts\/252141\/revisions\/252142"}],"wp:attachment":[{"href":"https:\/\/nugnes.com\/index.php?rest_route=%2Fwp%2Fv2%2Fmedia&parent=252141"}],"wp:term":[{"taxonomy":"category","embeddable":true,"href":"https:\/\/nugnes.com\/index.php?rest_route=%2Fwp%2Fv2%2Fcategories&post=252141"},{"taxonomy":"post_tag","embeddable":true,"href":"https:\/\/nugnes.com\/index.php?rest_route=%2Fwp%2Fv2%2Ftags&post=252141"}],"curies":[{"name":"wp","href":"https:\/\/api.w.org\/{rel}","templated":true}]}}