{"id":252143,"date":"2021-09-10T10:52:29","date_gmt":"2021-09-10T10:52:29","guid":{"rendered":"https:\/\/www.fanpage.it\/?p=1497977"},"modified":"2021-09-10T10:52:29","modified_gmt":"2021-09-10T10:52:29","slug":"manifestazioni-no-green-pass-lamorgese-lancia-lallarme-toni-salgono-c-rischio-estremismi","status":"publish","type":"post","link":"https:\/\/nugnes.com\/?p=252143","title":{"rendered":"Manifestazioni no green pass, Lamorgese lancia l&rsquo;allarme: &ldquo;Toni salgono, c&#8217;&egrave; rischio estremismi&#8221;"},"content":{"rendered":"<img src=\"https:\/\/static.fanpage.it\/wp-content\/uploads\/2021\/09\/Luciana-Lamorgese-question-time-Camera-1631270117664-300x225.jpg\" \/><br \/>La ministra dell'Interno, Luciana Lamorgese, esplicita i suoi timori sulle manifestazioni dei no green pass che si stanno tenendo da settimane nelle citt\u00e0 italiane: \"La preoccupazione c\u2019\u00e8 perch\u00e9 vedo che i toni salgono sempre di pi\u00f9 e c\u2019\u00e8 il rischio che ci siano estremismi che vanno a incidere sulle manifestazioni\u201d.<br \/><a href=\"https:\/\/www.fanpage.it\/politica\/manifestazioni-no-green-pass-lamorgese-lancia-lallarme-toni-salgono-ce-rischio-estremismi\/\">Continua a leggere<\/a>","protected":false},"excerpt":{"rendered":"<p>La ministra dell&#8217;Interno, Luciana Lamorgese, esplicita i suoi timori sulle manifestazioni dei no green pass che si stanno tenendo da settimane nelle citt\u00e0 italiane: &#8220;La preoccupazione c\u2019\u00e8 perch\u00e9 vedo che i toni salgono sempre di pi\u00f9 e c\u2019\u00e8 il rischio ch&#8230;<\/p>\n","protected":false},"author":108,"featured_media":0,"comment_status":"closed","ping_status":"closed","sticky":false,"template":"","format":"standard","meta":{"om_disable_all_campaigns":false,"_monsterinsights_skip_tracking":false,"_monsterinsights_sitenote_active":false,"_monsterinsights_sitenote_note":"","_monsterinsights_sitenote_category":0,"footnotes":""},"categories":[748],"tags":[],"class_list":["post-252143","post","type-post","status-publish","format-standard","hentry","category-politica-italiana"],"aioseo_notices":[],"_links":{"self":[{"href":"https:\/\/nugnes.com\/index.php?rest_route=\/wp\/v2\/posts\/252143","targetHints":{"allow":["GET"]}}],"collection":[{"href":"https:\/\/nugnes.com\/index.php?rest_route=\/wp\/v2\/posts"}],"about":[{"href":"https:\/\/nugnes.com\/index.php?rest_route=\/wp\/v2\/types\/post"}],"author":[{"embeddable":true,"href":"https:\/\/nugnes.com\/index.php?rest_route=\/wp\/v2\/users\/108"}],"replies":[{"embeddable":true,"href":"https:\/\/nugnes.com\/index.php?rest_route=%2Fwp%2Fv2%2Fcomments&post=252143"}],"version-history":[{"count":1,"href":"https:\/\/nugnes.com\/index.php?rest_route=\/wp\/v2\/posts\/252143\/revisions"}],"predecessor-version":[{"id":252144,"href":"https:\/\/nugnes.com\/index.php?rest_route=\/wp\/v2\/posts\/252143\/revisions\/252144"}],"wp:attachment":[{"href":"https:\/\/nugnes.com\/index.php?rest_route=%2Fwp%2Fv2%2Fmedia&parent=252143"}],"wp:term":[{"taxonomy":"category","embeddable":true,"href":"https:\/\/nugnes.com\/index.php?rest_route=%2Fwp%2Fv2%2Fcategories&post=252143"},{"taxonomy":"post_tag","embeddable":true,"href":"https:\/\/nugnes.com\/index.php?rest_route=%2Fwp%2Fv2%2Ftags&post=252143"}],"curies":[{"name":"wp","href":"https:\/\/api.w.org\/{rel}","templated":true}]}}