{"id":25331,"date":"2020-06-04T11:27:11","date_gmt":"2020-06-04T11:27:11","guid":{"rendered":"https:\/\/milano.fanpage.it\/?p=632440"},"modified":"2020-06-04T11:27:11","modified_gmt":"2020-06-04T11:27:11","slug":"milano-incendio-nel-cortile-di-un-palazzo-in-zona-citta-studi-un-morto-carbonizzato","status":"publish","type":"post","link":"https:\/\/nugnes.com\/?p=25331","title":{"rendered":"Milano, incendio nel cortile di un palazzo in zona Citt\u00e0 Studi: un morto carbonizzato"},"content":{"rendered":"<img src=\"https:\/\/static.fanpage.it\/wp-content\/uploads\/sites\/3\/2019\/12\/vigili-del-fuoco-incendio-incendi-rogo-bosco-boschivi-auto-12-638x425.jpg\" \/><br \/>A Milano un uomo \u00e8 morto carbonizzato in un incendio scoppiato la sera di mercoled\u00ec 3 giugno in un condominio di via Carlo Forlanini, in zona Citt\u00e0 Studi. Le fiamme sono divampate in un'area comune del palazzo e all'arrivo dei vigili del fuoco la vittima era gi\u00e0 deceduta. Sull'accaduto indagano polizia e carabinieri: all'origine della tragedia potrebbe esserci un tentativo di fare un barbeque in cortile.<br \/><a href=\"https:\/\/milano.fanpage.it\/milano-incendio-nel-cortile-di-un-palazzo-in-zona-citta-studi-un-morto-carbonizzato\/\">Continua a leggere<\/a>","protected":false},"excerpt":{"rendered":"<p>A Milano un uomo \u00e8 morto carbonizzato in un incendio scoppiato la sera di mercoled\u00ec 3 giugno in un condominio di via Carlo Forlanini, in zona Citt\u00e0 Studi. Le fiamme sono divampate in un&#8217;area comune del palazzo e all&#8217;arrivo dei vigili del fuoco la vitti&#8230;<\/p>\n","protected":false},"author":82,"featured_media":0,"comment_status":"closed","ping_status":"closed","sticky":false,"template":"","format":"standard","meta":{"om_disable_all_campaigns":false,"_monsterinsights_skip_tracking":false,"_monsterinsights_sitenote_active":false,"_monsterinsights_sitenote_note":"","_monsterinsights_sitenote_category":0,"footnotes":""},"categories":[747,38],"tags":[],"class_list":["post-25331","post","type-post","status-publish","format-standard","hentry","category-cronaca-lombardia","category-milano"],"aioseo_notices":[],"_links":{"self":[{"href":"https:\/\/nugnes.com\/index.php?rest_route=\/wp\/v2\/posts\/25331","targetHints":{"allow":["GET"]}}],"collection":[{"href":"https:\/\/nugnes.com\/index.php?rest_route=\/wp\/v2\/posts"}],"about":[{"href":"https:\/\/nugnes.com\/index.php?rest_route=\/wp\/v2\/types\/post"}],"author":[{"embeddable":true,"href":"https:\/\/nugnes.com\/index.php?rest_route=\/wp\/v2\/users\/82"}],"replies":[{"embeddable":true,"href":"https:\/\/nugnes.com\/index.php?rest_route=%2Fwp%2Fv2%2Fcomments&post=25331"}],"version-history":[{"count":1,"href":"https:\/\/nugnes.com\/index.php?rest_route=\/wp\/v2\/posts\/25331\/revisions"}],"predecessor-version":[{"id":25332,"href":"https:\/\/nugnes.com\/index.php?rest_route=\/wp\/v2\/posts\/25331\/revisions\/25332"}],"wp:attachment":[{"href":"https:\/\/nugnes.com\/index.php?rest_route=%2Fwp%2Fv2%2Fmedia&parent=25331"}],"wp:term":[{"taxonomy":"category","embeddable":true,"href":"https:\/\/nugnes.com\/index.php?rest_route=%2Fwp%2Fv2%2Fcategories&post=25331"},{"taxonomy":"post_tag","embeddable":true,"href":"https:\/\/nugnes.com\/index.php?rest_route=%2Fwp%2Fv2%2Ftags&post=25331"}],"curies":[{"name":"wp","href":"https:\/\/api.w.org\/{rel}","templated":true}]}}