{"id":253465,"date":"2021-09-13T14:13:04","date_gmt":"2021-09-13T14:13:04","guid":{"rendered":"https:\/\/donna.fanpage.it\/?p=438531"},"modified":"2021-09-13T14:13:04","modified_gmt":"2021-09-13T14:13:04","slug":"miriana-trevisan-al-gf-vip-6-com-cambiata-la-showgirl-le-foto-prima-e-dopo","status":"publish","type":"post","link":"https:\/\/nugnes.com\/?p=253465","title":{"rendered":"Miriana Trevisan al GF Vip 6, com&#8217;&egrave; cambiata la showgirl: le foto prima e dopo"},"content":{"rendered":"<img src=\"https:\/\/static.fanpage.it\/wp-content\/uploads\/sites\/11\/2021\/09\/miriana-trevisan-ieri-oggi.jpg\" \/><br \/>Ricordate Miriana Trevisan? Ha debuttato in tv negli anni '90 a Non \u00e8 la Rai e ancora oggi \u00e8 tra i volti pi\u00f9 amati del mondo dello spettacolo, tanto da essere tra i protagonisti del GF Vip 2021. Col passare del tempo \u00e8 cambiata molto: ecco le foto che mostrano la trasformazione.<br \/><a href=\"https:\/\/donna.fanpage.it\/miriana-trevisan-al-gf-vip-6-come-cambiata-la-showgirl-le-foto-prima-e-dopo\/\">Continua a leggere<\/a>","protected":false},"excerpt":{"rendered":"<p>Ricordate Miriana Trevisan? Ha debuttato in tv negli anni &#8217;90 a Non \u00e8 la Rai e ancora oggi \u00e8 tra i volti pi\u00f9 amati del mondo dello spettacolo, tanto da essere tra i protagonisti del GF Vip 2021. Col passare del tempo \u00e8 cambiata molto: ecco le foto che &#8230;<\/p>\n","protected":false},"author":127,"featured_media":0,"comment_status":"closed","ping_status":"closed","sticky":false,"template":"","format":"standard","meta":{"om_disable_all_campaigns":false,"_monsterinsights_skip_tracking":false,"_monsterinsights_sitenote_active":false,"_monsterinsights_sitenote_note":"","_monsterinsights_sitenote_category":0,"footnotes":""},"categories":[795,744],"tags":[],"class_list":["post-253465","post","type-post","status-publish","format-standard","hentry","category-celebrita","category-news"],"aioseo_notices":[],"_links":{"self":[{"href":"https:\/\/nugnes.com\/index.php?rest_route=\/wp\/v2\/posts\/253465","targetHints":{"allow":["GET"]}}],"collection":[{"href":"https:\/\/nugnes.com\/index.php?rest_route=\/wp\/v2\/posts"}],"about":[{"href":"https:\/\/nugnes.com\/index.php?rest_route=\/wp\/v2\/types\/post"}],"author":[{"embeddable":true,"href":"https:\/\/nugnes.com\/index.php?rest_route=\/wp\/v2\/users\/127"}],"replies":[{"embeddable":true,"href":"https:\/\/nugnes.com\/index.php?rest_route=%2Fwp%2Fv2%2Fcomments&post=253465"}],"version-history":[{"count":1,"href":"https:\/\/nugnes.com\/index.php?rest_route=\/wp\/v2\/posts\/253465\/revisions"}],"predecessor-version":[{"id":253466,"href":"https:\/\/nugnes.com\/index.php?rest_route=\/wp\/v2\/posts\/253465\/revisions\/253466"}],"wp:attachment":[{"href":"https:\/\/nugnes.com\/index.php?rest_route=%2Fwp%2Fv2%2Fmedia&parent=253465"}],"wp:term":[{"taxonomy":"category","embeddable":true,"href":"https:\/\/nugnes.com\/index.php?rest_route=%2Fwp%2Fv2%2Fcategories&post=253465"},{"taxonomy":"post_tag","embeddable":true,"href":"https:\/\/nugnes.com\/index.php?rest_route=%2Fwp%2Fv2%2Ftags&post=253465"}],"curies":[{"name":"wp","href":"https:\/\/api.w.org\/{rel}","templated":true}]}}