{"id":254992,"date":"2021-09-16T10:57:24","date_gmt":"2021-09-16T10:57:24","guid":{"rendered":"https:\/\/www.fanpage.it\/?p=1501496"},"modified":"2021-09-16T10:57:24","modified_gmt":"2021-09-16T10:57:24","slug":"scuola-quante-sono-le-classi-in-quarantena-per-contagio-da-covid-migliaia-di-studenti-in-dad","status":"publish","type":"post","link":"https:\/\/nugnes.com\/?p=254992","title":{"rendered":"Scuola, quante sono le classi in quarantena per contagio da Covid: migliaia di studenti in dad"},"content":{"rendered":"<img src=\"https:\/\/static.fanpage.it\/wp-content\/uploads\/2021\/09\/scuola-bentornati-1631026231966-300x225.jpg\" \/><br \/>Il bilancio della prima settimana di scuola che si sta per concludere conta centinaia di classi in quarantena e migliaia di studenti in dad. Le misure sono scattate dopo i primi contagi da Covid, chiaramente dovuti a situazioni esterne alla scuola, e per molti alunni \u00e8 gi\u00e0 tornata la didattica a distanza. La durata dei giorni a casa varia a seconda se si \u00e8 vaccinati o no.<br \/><a href=\"https:\/\/www.fanpage.it\/attualita\/scuola-quante-sono-le-classi-in-quarantena-per-contagio-da-covid-migliaia-di-studenti-in-dad\/\">Continua a leggere<\/a>","protected":false},"excerpt":{"rendered":"<p>Il bilancio della prima settimana di scuola che si sta per concludere conta centinaia di classi in quarantena e migliaia di studenti in dad. Le misure sono scattate dopo i primi contagi da Covid, chiaramente dovuti a situazioni esterne alla scuola, e p&#8230;<\/p>\n","protected":false},"author":187,"featured_media":0,"comment_status":"closed","ping_status":"closed","sticky":false,"template":"","format":"standard","meta":{"om_disable_all_campaigns":false,"_monsterinsights_skip_tracking":false,"_monsterinsights_sitenote_active":false,"_monsterinsights_sitenote_note":"","_monsterinsights_sitenote_category":0,"footnotes":""},"categories":[745],"tags":[],"class_list":["post-254992","post","type-post","status-publish","format-standard","hentry","category-attualita"],"aioseo_notices":[],"_links":{"self":[{"href":"https:\/\/nugnes.com\/index.php?rest_route=\/wp\/v2\/posts\/254992","targetHints":{"allow":["GET"]}}],"collection":[{"href":"https:\/\/nugnes.com\/index.php?rest_route=\/wp\/v2\/posts"}],"about":[{"href":"https:\/\/nugnes.com\/index.php?rest_route=\/wp\/v2\/types\/post"}],"author":[{"embeddable":true,"href":"https:\/\/nugnes.com\/index.php?rest_route=\/wp\/v2\/users\/187"}],"replies":[{"embeddable":true,"href":"https:\/\/nugnes.com\/index.php?rest_route=%2Fwp%2Fv2%2Fcomments&post=254992"}],"version-history":[{"count":1,"href":"https:\/\/nugnes.com\/index.php?rest_route=\/wp\/v2\/posts\/254992\/revisions"}],"predecessor-version":[{"id":254993,"href":"https:\/\/nugnes.com\/index.php?rest_route=\/wp\/v2\/posts\/254992\/revisions\/254993"}],"wp:attachment":[{"href":"https:\/\/nugnes.com\/index.php?rest_route=%2Fwp%2Fv2%2Fmedia&parent=254992"}],"wp:term":[{"taxonomy":"category","embeddable":true,"href":"https:\/\/nugnes.com\/index.php?rest_route=%2Fwp%2Fv2%2Fcategories&post=254992"},{"taxonomy":"post_tag","embeddable":true,"href":"https:\/\/nugnes.com\/index.php?rest_route=%2Fwp%2Fv2%2Ftags&post=254992"}],"curies":[{"name":"wp","href":"https:\/\/api.w.org\/{rel}","templated":true}]}}