{"id":254996,"date":"2021-09-16T10:52:36","date_gmt":"2021-09-16T10:52:36","guid":{"rendered":"https:\/\/www.fanpage.it\/milano\/?p=100071"},"modified":"2021-09-16T10:52:36","modified_gmt":"2021-09-16T10:52:36","slug":"giuseppina-di-luca-massacrata-a-coltellate-dallex-marito-domani-i-funerali-ad-agnosine","status":"publish","type":"post","link":"https:\/\/nugnes.com\/?p=254996","title":{"rendered":"Giuseppina Di Luca, massacrata a coltellate dall&#8217;ex marito: domani i funerali ad Agnosine"},"content":{"rendered":"<img src=\"https:\/\/static.fanpage.it\/wp-content\/uploads\/sites\/29\/2021\/09\/giusy-1631787890924-638x425.jpg\" \/><br \/>Si svolgeranno domani, venerd\u00ec 17 settembre, i funerali di Giuseppina Di Luca, la donna uccisa dall'ex marito luned\u00ec scorso fuori dal suo appartamento di Agnosine, comune in provincia di Brescia. La celebrazione si svolger\u00e0 nella parrocchia di Ippolito e Cassiano ad Agnosine. L'uomo ieri \u00e8 stato sottoposto a interrogatorio e ha ammesso le sue responsabilit\u00e0.<br \/><a href=\"https:\/\/www.fanpage.it\/milano\/giuseppina-di-luca-massacrata-a-coltellate-dallex-marito-domani-i-funerali-ad-agnosine\/\">Continua a leggere<\/a>","protected":false},"excerpt":{"rendered":"<p>Si svolgeranno domani, venerd\u00ec 17 settembre, i funerali di Giuseppina Di Luca, la donna uccisa dall&#8217;ex marito luned\u00ec scorso fuori dal suo appartamento di Agnosine, comune in provincia di Brescia. La celebrazione si svolger\u00e0 nella parrocchia di Ippolito&#8230;<\/p>\n","protected":false},"author":208,"featured_media":0,"comment_status":"closed","ping_status":"closed","sticky":false,"template":"","format":"standard","meta":{"om_disable_all_campaigns":false,"_monsterinsights_skip_tracking":false,"_monsterinsights_sitenote_active":false,"_monsterinsights_sitenote_note":"","_monsterinsights_sitenote_category":0,"footnotes":""},"categories":[745,461,10,236],"tags":[],"class_list":["post-254996","post","type-post","status-publish","format-standard","hentry","category-attualita","category-brescia","category-cronaca","category-lombardia"],"aioseo_notices":[],"_links":{"self":[{"href":"https:\/\/nugnes.com\/index.php?rest_route=\/wp\/v2\/posts\/254996","targetHints":{"allow":["GET"]}}],"collection":[{"href":"https:\/\/nugnes.com\/index.php?rest_route=\/wp\/v2\/posts"}],"about":[{"href":"https:\/\/nugnes.com\/index.php?rest_route=\/wp\/v2\/types\/post"}],"author":[{"embeddable":true,"href":"https:\/\/nugnes.com\/index.php?rest_route=\/wp\/v2\/users\/208"}],"replies":[{"embeddable":true,"href":"https:\/\/nugnes.com\/index.php?rest_route=%2Fwp%2Fv2%2Fcomments&post=254996"}],"version-history":[{"count":1,"href":"https:\/\/nugnes.com\/index.php?rest_route=\/wp\/v2\/posts\/254996\/revisions"}],"predecessor-version":[{"id":254997,"href":"https:\/\/nugnes.com\/index.php?rest_route=\/wp\/v2\/posts\/254996\/revisions\/254997"}],"wp:attachment":[{"href":"https:\/\/nugnes.com\/index.php?rest_route=%2Fwp%2Fv2%2Fmedia&parent=254996"}],"wp:term":[{"taxonomy":"category","embeddable":true,"href":"https:\/\/nugnes.com\/index.php?rest_route=%2Fwp%2Fv2%2Fcategories&post=254996"},{"taxonomy":"post_tag","embeddable":true,"href":"https:\/\/nugnes.com\/index.php?rest_route=%2Fwp%2Fv2%2Ftags&post=254996"}],"curies":[{"name":"wp","href":"https:\/\/api.w.org\/{rel}","templated":true}]}}