{"id":257536,"date":"2021-09-21T15:24:26","date_gmt":"2021-09-21T15:24:26","guid":{"rendered":"https:\/\/www.fanpage.it\/milano\/?p=101144"},"modified":"2021-09-21T15:24:26","modified_gmt":"2021-09-21T15:24:26","slug":"picchiano-e-minacciano-la-rivale-damore-di-soli-15-anni-ho-vissuto-mesi-di-inferno-un-incubo","status":"publish","type":"post","link":"https:\/\/nugnes.com\/?p=257536","title":{"rendered":"Picchiano e minacciano &#8220;la rivale d&#8217;amore&#8221; di soli 15 anni: &#8220;Ho vissuto mesi di inferno, un incubo&#8221;"},"content":{"rendered":"<img src=\"https:\/\/static.fanpage.it\/wp-content\/uploads\/sites\/3\/2019\/06\/violenza-sulle-donne-1030x686-1024x682-638x425.jpg\" \/><br \/>\"Ho vissuto un vero inferno\": a dirlo ai carabinieri \u00e8 stata la ragazzina di 15 anni che per mesi \u00e8 stata minacciata e picchiata da altre coetanee a Brescia. Le percosse sono iniziate quando la minorenne ha iniziato a frequentare l'ex fidanzato di una di loro. In tre sono finite agli arresti domiciliari, una \u00e8 stata trasferita in una comunit\u00e0 e altre non sono imputabili perch\u00e9 minori di 14 anni.<br \/><a href=\"https:\/\/www.fanpage.it\/milano\/picchiano-e-minacciano-la-rivale-damore-di-soli-15-anni-ho-vissuto-mesi-di-inferno-un-incubo\/\">Continua a leggere<\/a>","protected":false},"excerpt":{"rendered":"<p>&#8220;Ho vissuto un vero inferno&#8221;: a dirlo ai carabinieri \u00e8 stata la ragazzina di 15 anni che per mesi \u00e8 stata minacciata e picchiata da altre coetanee a Brescia. Le percosse sono iniziate quando la minorenne ha iniziato a frequentare l&#8217;ex fidanzato di una &#8230;<\/p>\n","protected":false},"author":208,"featured_media":0,"comment_status":"closed","ping_status":"closed","sticky":false,"template":"","format":"standard","meta":{"om_disable_all_campaigns":false,"_monsterinsights_skip_tracking":false,"_monsterinsights_sitenote_active":false,"_monsterinsights_sitenote_note":"","_monsterinsights_sitenote_category":0,"footnotes":""},"categories":[745,461,10,236],"tags":[],"class_list":["post-257536","post","type-post","status-publish","format-standard","hentry","category-attualita","category-brescia","category-cronaca","category-lombardia"],"aioseo_notices":[],"_links":{"self":[{"href":"https:\/\/nugnes.com\/index.php?rest_route=\/wp\/v2\/posts\/257536","targetHints":{"allow":["GET"]}}],"collection":[{"href":"https:\/\/nugnes.com\/index.php?rest_route=\/wp\/v2\/posts"}],"about":[{"href":"https:\/\/nugnes.com\/index.php?rest_route=\/wp\/v2\/types\/post"}],"author":[{"embeddable":true,"href":"https:\/\/nugnes.com\/index.php?rest_route=\/wp\/v2\/users\/208"}],"replies":[{"embeddable":true,"href":"https:\/\/nugnes.com\/index.php?rest_route=%2Fwp%2Fv2%2Fcomments&post=257536"}],"version-history":[{"count":1,"href":"https:\/\/nugnes.com\/index.php?rest_route=\/wp\/v2\/posts\/257536\/revisions"}],"predecessor-version":[{"id":257537,"href":"https:\/\/nugnes.com\/index.php?rest_route=\/wp\/v2\/posts\/257536\/revisions\/257537"}],"wp:attachment":[{"href":"https:\/\/nugnes.com\/index.php?rest_route=%2Fwp%2Fv2%2Fmedia&parent=257536"}],"wp:term":[{"taxonomy":"category","embeddable":true,"href":"https:\/\/nugnes.com\/index.php?rest_route=%2Fwp%2Fv2%2Fcategories&post=257536"},{"taxonomy":"post_tag","embeddable":true,"href":"https:\/\/nugnes.com\/index.php?rest_route=%2Fwp%2Fv2%2Ftags&post=257536"}],"curies":[{"name":"wp","href":"https:\/\/api.w.org\/{rel}","templated":true}]}}