{"id":258472,"date":"2021-09-23T09:33:25","date_gmt":"2021-09-23T09:33:25","guid":{"rendered":"https:\/\/www.fanpage.it\/sport\/?p=1531497"},"modified":"2021-09-23T09:33:25","modified_gmt":"2021-09-23T09:33:25","slug":"la-disperazione-di-iannone-se-penso-che-non-posso-pi-correre-mi-uccido-o-impazzisco","status":"publish","type":"post","link":"https:\/\/nugnes.com\/?p=258472","title":{"rendered":"La disperazione di Iannone: &#8220;Se penso che non posso pi&ugrave; correre mi uccido o impazzisco&#8221;"},"content":{"rendered":"<img src=\"https:\/\/static.fanpage.it\/wp-content\/uploads\/sites\/27\/2021\/09\/Andrea-Iannone-squalifica-doping-disperazione-non-correre-MotoGP-638x425.jpg\" \/><br \/>L'ex pilota della MotoGP Andrea Iannone torna sulla squalifica di 4 anni che lo costringe a stare lontano dalle moto e dalla pista fino al 2023 mostrando tutta la disperazione per quella che lui considera un'ingiustizia: \"Vivo come un pilota ma senza correre. Per\u00f2 non posso continuare a pensarci, perch\u00e9 senn\u00f2 o mi uccido o impazzisco completamente\".<br \/><a href=\"https:\/\/www.fanpage.it\/sport\/motori\/la-disperazione-di-iannone-se-penso-che-non-posso-piu-correre-mi-uccido-o-impazzisco\/\">Continua a leggere<\/a>","protected":false},"excerpt":{"rendered":"<p>L&#8217;ex pilota della MotoGP Andrea Iannone torna sulla squalifica di 4 anni che lo costringe a stare lontano dalle moto e dalla pista fino al 2023 mostrando tutta la disperazione per quella che lui considera un&#8217;ingiustizia: &#8220;Vivo come un pilota ma senza c&#8230;<\/p>\n","protected":false},"author":178,"featured_media":0,"comment_status":"closed","ping_status":"closed","sticky":false,"template":"","format":"standard","meta":{"om_disable_all_campaigns":false,"_monsterinsights_skip_tracking":false,"_monsterinsights_sitenote_active":false,"_monsterinsights_sitenote_note":"","_monsterinsights_sitenote_category":0,"footnotes":""},"categories":[260,318,743],"tags":[],"class_list":["post-258472","post","type-post","status-publish","format-standard","hentry","category-motogp","category-motori","category-notizie"],"aioseo_notices":[],"_links":{"self":[{"href":"https:\/\/nugnes.com\/index.php?rest_route=\/wp\/v2\/posts\/258472","targetHints":{"allow":["GET"]}}],"collection":[{"href":"https:\/\/nugnes.com\/index.php?rest_route=\/wp\/v2\/posts"}],"about":[{"href":"https:\/\/nugnes.com\/index.php?rest_route=\/wp\/v2\/types\/post"}],"author":[{"embeddable":true,"href":"https:\/\/nugnes.com\/index.php?rest_route=\/wp\/v2\/users\/178"}],"replies":[{"embeddable":true,"href":"https:\/\/nugnes.com\/index.php?rest_route=%2Fwp%2Fv2%2Fcomments&post=258472"}],"version-history":[{"count":1,"href":"https:\/\/nugnes.com\/index.php?rest_route=\/wp\/v2\/posts\/258472\/revisions"}],"predecessor-version":[{"id":258473,"href":"https:\/\/nugnes.com\/index.php?rest_route=\/wp\/v2\/posts\/258472\/revisions\/258473"}],"wp:attachment":[{"href":"https:\/\/nugnes.com\/index.php?rest_route=%2Fwp%2Fv2%2Fmedia&parent=258472"}],"wp:term":[{"taxonomy":"category","embeddable":true,"href":"https:\/\/nugnes.com\/index.php?rest_route=%2Fwp%2Fv2%2Fcategories&post=258472"},{"taxonomy":"post_tag","embeddable":true,"href":"https:\/\/nugnes.com\/index.php?rest_route=%2Fwp%2Fv2%2Ftags&post=258472"}],"curies":[{"name":"wp","href":"https:\/\/api.w.org\/{rel}","templated":true}]}}