{"id":258474,"date":"2021-09-23T09:31:19","date_gmt":"2021-09-23T09:31:19","guid":{"rendered":"https:\/\/tech.fanpage.it\/?p=245141"},"modified":"2021-09-23T09:31:19","modified_gmt":"2021-09-23T09:31:19","slug":"caricabatterie-universale-la-proposta-delleuropa-che-potrebbe-portare-lusb-c-sugli-iphone","status":"publish","type":"post","link":"https:\/\/nugnes.com\/?p=258474","title":{"rendered":"Caricabatterie universale, la proposta dell&#8217;Europa che potrebbe portare l&#8217;USB-C sugli iPhone"},"content":{"rendered":"<img src=\"https:\/\/static.fanpage.it\/wp-content\/uploads\/sites\/6\/2015\/03\/usb-c-porta-android.jpg\" \/><br \/>L'Organo dell'Unione europea presenter\u00e0 oggi la proposta sul dispositivo unico. Vuole sollecitare\u00a0tutti i produttori ad adoperare un caricatore USB-C comune a tutti i marchi. Probabilmente, dal 2022 la proposta verr\u00e0 recepita nelle legislazioni nazionali e dalla met\u00e0 del 2024 potr\u00e0 essere utilizzato.<br \/><a href=\"https:\/\/tech.fanpage.it\/caricabatterie-universale-la-proposta-delleuropa-che-potrebbe-portare-lusb-c-sugli-iphone\/\">Continua a leggere<\/a>","protected":false},"excerpt":{"rendered":"<p>L&#8217;Organo dell&#8217;Unione europea presenter\u00e0 oggi la proposta sul dispositivo unico. Vuole sollecitare\u00a0tutti i produttori ad adoperare un caricatore USB-C comune a tutti i marchi. Probabilmente, dal 2022 la proposta verr\u00e0 recepita nelle legislazioni naziona&#8230;<\/p>\n","protected":false},"author":264,"featured_media":0,"comment_status":"closed","ping_status":"closed","sticky":false,"template":"","format":"standard","meta":{"om_disable_all_campaigns":false,"_monsterinsights_skip_tracking":false,"_monsterinsights_sitenote_active":false,"_monsterinsights_sitenote_note":"","_monsterinsights_sitenote_category":0,"footnotes":""},"categories":[855,744],"tags":[],"class_list":["post-258474","post","type-post","status-publish","format-standard","hentry","category-apple","category-news"],"aioseo_notices":[],"_links":{"self":[{"href":"https:\/\/nugnes.com\/index.php?rest_route=\/wp\/v2\/posts\/258474","targetHints":{"allow":["GET"]}}],"collection":[{"href":"https:\/\/nugnes.com\/index.php?rest_route=\/wp\/v2\/posts"}],"about":[{"href":"https:\/\/nugnes.com\/index.php?rest_route=\/wp\/v2\/types\/post"}],"author":[{"embeddable":true,"href":"https:\/\/nugnes.com\/index.php?rest_route=\/wp\/v2\/users\/264"}],"replies":[{"embeddable":true,"href":"https:\/\/nugnes.com\/index.php?rest_route=%2Fwp%2Fv2%2Fcomments&post=258474"}],"version-history":[{"count":1,"href":"https:\/\/nugnes.com\/index.php?rest_route=\/wp\/v2\/posts\/258474\/revisions"}],"predecessor-version":[{"id":258475,"href":"https:\/\/nugnes.com\/index.php?rest_route=\/wp\/v2\/posts\/258474\/revisions\/258475"}],"wp:attachment":[{"href":"https:\/\/nugnes.com\/index.php?rest_route=%2Fwp%2Fv2%2Fmedia&parent=258474"}],"wp:term":[{"taxonomy":"category","embeddable":true,"href":"https:\/\/nugnes.com\/index.php?rest_route=%2Fwp%2Fv2%2Fcategories&post=258474"},{"taxonomy":"post_tag","embeddable":true,"href":"https:\/\/nugnes.com\/index.php?rest_route=%2Fwp%2Fv2%2Ftags&post=258474"}],"curies":[{"name":"wp","href":"https:\/\/api.w.org\/{rel}","templated":true}]}}