{"id":259941,"date":"2021-09-26T13:39:15","date_gmt":"2021-09-26T13:39:15","guid":{"rendered":"https:\/\/www.fanpage.it\/?p=1507677"},"modified":"2021-09-26T13:39:15","modified_gmt":"2021-09-26T13:39:15","slug":"letta-la-priorit-assoluta-il-lavoro-per-i-giovani-stage-e-precariato-sono-il-grande-problema","status":"publish","type":"post","link":"https:\/\/nugnes.com\/?p=259941","title":{"rendered":"Letta: &#8220;La priorit&agrave; assoluta &egrave; il lavoro per i giovani, stage e precariato sono il grande problema&#8221;"},"content":{"rendered":"<img src=\"https:\/\/static.fanpage.it\/wp-content\/uploads\/2021\/09\/enrico-letta-2-300x225.jpg\" \/><br \/>Il segretario del Partito Democratico, durante un incontro a Siena, torna sul tema del futuro delle nuove generazioni: \"La priorit\u00e0 assoluta \u00e8 il lavoro per i giovani che oggi non c'\u00e8 - ha sottolineato - i giovani se ne vanno, stage e precariet\u00e0 sono il grande problema del nostro Paese, quindi un salario di ingresso e una possibilit\u00e0 di primo lavoro per i giovani che li stabilizzi sono il modo migliore per far ripartire l'Italia\".<br \/><a href=\"https:\/\/www.fanpage.it\/politica\/letta-la-priorita-assoluta-e-il-lavoro-per-i-giovani-stage-e-precariato-sono-il-grande-problema\/\">Continua a leggere<\/a>","protected":false},"excerpt":{"rendered":"<p>Il segretario del Partito Democratico, durante un incontro a Siena, torna sul tema del futuro delle nuove generazioni: &#8220;La priorit\u00e0 assoluta \u00e8 il lavoro per i giovani che oggi non c&#8217;\u00e8 &#8211; ha sottolineato &#8211; i giovani se ne vanno, stage e precariet\u00e0 sono i&#8230;<\/p>\n","protected":false},"author":187,"featured_media":0,"comment_status":"closed","ping_status":"closed","sticky":false,"template":"","format":"standard","meta":{"om_disable_all_campaigns":false,"_monsterinsights_skip_tracking":false,"_monsterinsights_sitenote_active":false,"_monsterinsights_sitenote_note":"","_monsterinsights_sitenote_category":0,"footnotes":""},"categories":[748],"tags":[],"class_list":["post-259941","post","type-post","status-publish","format-standard","hentry","category-politica-italiana"],"aioseo_notices":[],"_links":{"self":[{"href":"https:\/\/nugnes.com\/index.php?rest_route=\/wp\/v2\/posts\/259941","targetHints":{"allow":["GET"]}}],"collection":[{"href":"https:\/\/nugnes.com\/index.php?rest_route=\/wp\/v2\/posts"}],"about":[{"href":"https:\/\/nugnes.com\/index.php?rest_route=\/wp\/v2\/types\/post"}],"author":[{"embeddable":true,"href":"https:\/\/nugnes.com\/index.php?rest_route=\/wp\/v2\/users\/187"}],"replies":[{"embeddable":true,"href":"https:\/\/nugnes.com\/index.php?rest_route=%2Fwp%2Fv2%2Fcomments&post=259941"}],"version-history":[{"count":1,"href":"https:\/\/nugnes.com\/index.php?rest_route=\/wp\/v2\/posts\/259941\/revisions"}],"predecessor-version":[{"id":259942,"href":"https:\/\/nugnes.com\/index.php?rest_route=\/wp\/v2\/posts\/259941\/revisions\/259942"}],"wp:attachment":[{"href":"https:\/\/nugnes.com\/index.php?rest_route=%2Fwp%2Fv2%2Fmedia&parent=259941"}],"wp:term":[{"taxonomy":"category","embeddable":true,"href":"https:\/\/nugnes.com\/index.php?rest_route=%2Fwp%2Fv2%2Fcategories&post=259941"},{"taxonomy":"post_tag","embeddable":true,"href":"https:\/\/nugnes.com\/index.php?rest_route=%2Fwp%2Fv2%2Ftags&post=259941"}],"curies":[{"name":"wp","href":"https:\/\/api.w.org\/{rel}","templated":true}]}}