{"id":26188,"date":"2020-06-05T18:54:23","date_gmt":"2020-06-05T18:54:23","guid":{"rendered":"https:\/\/www.fanpage.it\/sport\/?p=1229116"},"modified":"2020-06-05T18:54:23","modified_gmt":"2020-06-05T18:54:23","slug":"osimhen-lentourage-napoli-gli-piace-ma-in-italia-il-problema-e-il-razzismo","status":"publish","type":"post","link":"https:\/\/nugnes.com\/?p=26188","title":{"rendered":"Osimhen, l\u2019entourage: \u201cNapoli gli piace, ma in Italia il problema \u00e8 il razzismo\u201d"},"content":{"rendered":"<img src=\"https:\/\/static.fanpage.it\/wp-content\/uploads\/sites\/27\/2020\/06\/osimhen-napoli-lille-1591379005470-638x425.jpg\" \/><br \/>Osita Okolo, che fa parte dell'entourage di Osimhen, ha dichiarato in un'intervista che il giocatore del Lille non ha detto s\u00ec n\u00e9 al Napoli n\u00e9 a squadre della Premier League, per ora non ha avuto il tempo di pensare al suo futuro. Okolo per\u00f2 ha anche detto che sugli stadi della Serie A c'\u00e8 troppo razzismo.<br \/><a href=\"https:\/\/www.fanpage.it\/sport\/attualita\/osimhen-lentourage-napoli-gli-piace-ma-in-italia-il-problema-e-il-razzismo\/\">Continua a leggere<\/a>","protected":false},"excerpt":{"rendered":"<p>Osita Okolo, che fa parte dell&#8217;entourage di Osimhen, ha dichiarato in un&#8217;intervista che il giocatore del Lille non ha detto s\u00ec n\u00e9 al Napoli n\u00e9 a squadre della Premier League, per ora non ha avuto il tempo di pensare al suo futuro. Okolo per\u00f2 ha anche d&#8230;<\/p>\n","protected":false},"author":116,"featured_media":0,"comment_status":"closed","ping_status":"closed","sticky":false,"template":"","format":"standard","meta":{"om_disable_all_campaigns":false,"_monsterinsights_skip_tracking":false,"_monsterinsights_sitenote_active":false,"_monsterinsights_sitenote_note":"","_monsterinsights_sitenote_category":0,"footnotes":""},"categories":[75,746,276,743,344],"tags":[],"class_list":["post-26188","post","type-post","status-publish","format-standard","hentry","category-calcio","category-calciomercato","category-napoli","category-notizie","category-serie-a"],"aioseo_notices":[],"_links":{"self":[{"href":"https:\/\/nugnes.com\/index.php?rest_route=\/wp\/v2\/posts\/26188","targetHints":{"allow":["GET"]}}],"collection":[{"href":"https:\/\/nugnes.com\/index.php?rest_route=\/wp\/v2\/posts"}],"about":[{"href":"https:\/\/nugnes.com\/index.php?rest_route=\/wp\/v2\/types\/post"}],"author":[{"embeddable":true,"href":"https:\/\/nugnes.com\/index.php?rest_route=\/wp\/v2\/users\/116"}],"replies":[{"embeddable":true,"href":"https:\/\/nugnes.com\/index.php?rest_route=%2Fwp%2Fv2%2Fcomments&post=26188"}],"version-history":[{"count":1,"href":"https:\/\/nugnes.com\/index.php?rest_route=\/wp\/v2\/posts\/26188\/revisions"}],"predecessor-version":[{"id":26189,"href":"https:\/\/nugnes.com\/index.php?rest_route=\/wp\/v2\/posts\/26188\/revisions\/26189"}],"wp:attachment":[{"href":"https:\/\/nugnes.com\/index.php?rest_route=%2Fwp%2Fv2%2Fmedia&parent=26188"}],"wp:term":[{"taxonomy":"category","embeddable":true,"href":"https:\/\/nugnes.com\/index.php?rest_route=%2Fwp%2Fv2%2Fcategories&post=26188"},{"taxonomy":"post_tag","embeddable":true,"href":"https:\/\/nugnes.com\/index.php?rest_route=%2Fwp%2Fv2%2Ftags&post=26188"}],"curies":[{"name":"wp","href":"https:\/\/api.w.org\/{rel}","templated":true}]}}