{"id":267958,"date":"2021-10-12T10:18:54","date_gmt":"2021-10-12T10:18:54","guid":{"rendered":"https:\/\/scienze.fanpage.it\/?p=220517"},"modified":"2021-10-12T10:18:54","modified_gmt":"2021-10-12T10:18:54","slug":"quando-finir-la-vita-sulla-terra-e-quando-morir-il-pianeta-secondo-la-scienza","status":"publish","type":"post","link":"https:\/\/nugnes.com\/?p=267958","title":{"rendered":"Quando finir&agrave; la vita sulla Terra e quando &#8220;morir&agrave;&#8221; il pianeta secondo la scienza"},"content":{"rendered":"<img src=\"https:\/\/static.fanpage.it\/wp-content\/uploads\/sites\/5\/2021\/10\/terrafinecov-638x425.jpg\" \/><br \/>Cos\u00ec come \u00e8 nata, la vita sulla Terra \u00e8 destinata inevitabilmente a finire. Le prime forme di vita a sparire saranno quelle complesse, come l'essere umano, e solo in seguito toccher\u00e0 anche a quelle semplici. Anche la sorte del pianeta \u00e8 gi\u00e0 segnata, intimamente connessa al ciclo vitale del Sole che \u00e8 a met\u00e0 del suo cammino. Ecco cosa dice la scienza su tempistiche e fenomeni coinvolti.<br \/><a href=\"https:\/\/scienze.fanpage.it\/quando-finira-la-vita-sulla-terra-e-quando-morira-il-pianeta-secondo-la-scienza\/\">Continua a leggere<\/a>","protected":false},"excerpt":{"rendered":"<p>Cos\u00ec come \u00e8 nata, la vita sulla Terra \u00e8 destinata inevitabilmente a finire. Le prime forme di vita a sparire saranno quelle complesse, come l&#8217;essere umano, e solo in seguito toccher\u00e0 anche a quelle semplici. Anche la sorte del pianeta \u00e8 gi\u00e0 segnata, in&#8230;<\/p>\n","protected":false},"author":101,"featured_media":0,"comment_status":"closed","ping_status":"closed","sticky":false,"template":"","format":"standard","meta":{"om_disable_all_campaigns":false,"_monsterinsights_skip_tracking":false,"_monsterinsights_sitenote_active":false,"_monsterinsights_sitenote_note":"","_monsterinsights_sitenote_category":0,"footnotes":""},"categories":[911],"tags":[],"class_list":["post-267958","post","type-post","status-publish","format-standard","hentry","category-spazio-e-tempo"],"aioseo_notices":[],"_links":{"self":[{"href":"https:\/\/nugnes.com\/index.php?rest_route=\/wp\/v2\/posts\/267958","targetHints":{"allow":["GET"]}}],"collection":[{"href":"https:\/\/nugnes.com\/index.php?rest_route=\/wp\/v2\/posts"}],"about":[{"href":"https:\/\/nugnes.com\/index.php?rest_route=\/wp\/v2\/types\/post"}],"author":[{"embeddable":true,"href":"https:\/\/nugnes.com\/index.php?rest_route=\/wp\/v2\/users\/101"}],"replies":[{"embeddable":true,"href":"https:\/\/nugnes.com\/index.php?rest_route=%2Fwp%2Fv2%2Fcomments&post=267958"}],"version-history":[{"count":1,"href":"https:\/\/nugnes.com\/index.php?rest_route=\/wp\/v2\/posts\/267958\/revisions"}],"predecessor-version":[{"id":267959,"href":"https:\/\/nugnes.com\/index.php?rest_route=\/wp\/v2\/posts\/267958\/revisions\/267959"}],"wp:attachment":[{"href":"https:\/\/nugnes.com\/index.php?rest_route=%2Fwp%2Fv2%2Fmedia&parent=267958"}],"wp:term":[{"taxonomy":"category","embeddable":true,"href":"https:\/\/nugnes.com\/index.php?rest_route=%2Fwp%2Fv2%2Fcategories&post=267958"},{"taxonomy":"post_tag","embeddable":true,"href":"https:\/\/nugnes.com\/index.php?rest_route=%2Fwp%2Fv2%2Ftags&post=267958"}],"curies":[{"name":"wp","href":"https:\/\/api.w.org\/{rel}","templated":true}]}}