{"id":268295,"date":"2021-10-12T18:00:38","date_gmt":"2021-10-12T18:00:38","guid":{"rendered":"https:\/\/www.fanpage.it\/?p=1518649"},"modified":"2021-10-12T18:00:38","modified_gmt":"2021-10-12T18:00:38","slug":"previsioni-meteo-13-ottobre-freddo-e-temporali-arriva-anche-la-neve-a-bassa-quota","status":"publish","type":"post","link":"https:\/\/nugnes.com\/?p=268295","title":{"rendered":"Previsioni meteo 13 ottobre, freddo e temporali, arriva anche la neve a bassa quota"},"content":{"rendered":"<img src=\"https:\/\/static.fanpage.it\/wp-content\/uploads\/2016\/08\/temporali-estate-300x225.jpg\" \/><br \/>Che tempo far\u00e0 mercoled\u00ec 13 ottobre in Italia: un \"blitz scandinavo\" porter\u00e0 in alcune zone dell'Italia maltempo con freddo e temporali e un'ulteriore diminuzione delle temperature. Arriva anche la neve a bassa quota. La Protezione Civile ha emesso un avviso di condizioni meteo avverse con allerta arancione sulla Calabria meridionale, allerta gialla in Calabria, Abruzzo e Sicilia.<br \/><a href=\"https:\/\/www.fanpage.it\/attualita\/previsioni-meteo-13-ottobre-freddo-e-temporali-arriva-anche-la-neve-a-bassa-quota\/\">Continua a leggere<\/a>","protected":false},"excerpt":{"rendered":"<p>Che tempo far\u00e0 mercoled\u00ec 13 ottobre in Italia: un &#8220;blitz scandinavo&#8221; porter\u00e0 in alcune zone dell&#8217;Italia maltempo con freddo e temporali e un&#8217;ulteriore diminuzione delle temperature. Arriva anche la neve a bassa quota. La Protezione Civile ha emesso un &#8230;<\/p>\n","protected":false},"author":117,"featured_media":0,"comment_status":"closed","ping_status":"closed","sticky":false,"template":"","format":"standard","meta":{"om_disable_all_campaigns":false,"_monsterinsights_skip_tracking":false,"_monsterinsights_sitenote_active":false,"_monsterinsights_sitenote_note":"","_monsterinsights_sitenote_category":0,"footnotes":""},"categories":[745,783],"tags":[],"class_list":["post-268295","post","type-post","status-publish","format-standard","hentry","category-attualita","category-meteo-news"],"aioseo_notices":[],"_links":{"self":[{"href":"https:\/\/nugnes.com\/index.php?rest_route=\/wp\/v2\/posts\/268295","targetHints":{"allow":["GET"]}}],"collection":[{"href":"https:\/\/nugnes.com\/index.php?rest_route=\/wp\/v2\/posts"}],"about":[{"href":"https:\/\/nugnes.com\/index.php?rest_route=\/wp\/v2\/types\/post"}],"author":[{"embeddable":true,"href":"https:\/\/nugnes.com\/index.php?rest_route=\/wp\/v2\/users\/117"}],"replies":[{"embeddable":true,"href":"https:\/\/nugnes.com\/index.php?rest_route=%2Fwp%2Fv2%2Fcomments&post=268295"}],"version-history":[{"count":1,"href":"https:\/\/nugnes.com\/index.php?rest_route=\/wp\/v2\/posts\/268295\/revisions"}],"predecessor-version":[{"id":268296,"href":"https:\/\/nugnes.com\/index.php?rest_route=\/wp\/v2\/posts\/268295\/revisions\/268296"}],"wp:attachment":[{"href":"https:\/\/nugnes.com\/index.php?rest_route=%2Fwp%2Fv2%2Fmedia&parent=268295"}],"wp:term":[{"taxonomy":"category","embeddable":true,"href":"https:\/\/nugnes.com\/index.php?rest_route=%2Fwp%2Fv2%2Fcategories&post=268295"},{"taxonomy":"post_tag","embeddable":true,"href":"https:\/\/nugnes.com\/index.php?rest_route=%2Fwp%2Fv2%2Ftags&post=268295"}],"curies":[{"name":"wp","href":"https:\/\/api.w.org\/{rel}","templated":true}]}}