{"id":269556,"date":"2021-10-15T07:46:35","date_gmt":"2021-10-15T07:46:35","guid":{"rendered":"https:\/\/www.fanpage.it\/milano\/?p=106273"},"modified":"2021-10-15T07:46:35","modified_gmt":"2021-10-15T07:46:35","slug":"green-pass-al-lavoro-la-situazione-a-milano-regolari-i-trasporti","status":"publish","type":"post","link":"https:\/\/nugnes.com\/?p=269556","title":{"rendered":"Green pass al lavoro, la situazione a Milano: regolari i trasporti"},"content":{"rendered":"<img src=\"https:\/\/static.fanpage.it\/wp-content\/uploads\/sites\/29\/2020\/08\/LP_11308399-300x225.jpg\" \/><br \/>Nessuna particolare criticit\u00e0 \u00e8 segnalata al momento a Milano nel primo giorno di introduzione del Green pass obbligatorio sui luoghi di lavoro pubblici e privati. Sul fronte dei trasporti, n\u00e9 Atm n\u00e9 Trenord segnalano particolari problemi. Le corse dei mezzi di superficie sono per\u00f2 state lievemente ridotte per via delle assenze.<br \/><a href=\"https:\/\/www.fanpage.it\/milano\/green-pass-al-lavoro-la-situazione-a-milano-regolari-i-trasporti\/\">Continua a leggere<\/a>","protected":false},"excerpt":{"rendered":"<p>Nessuna particolare criticit\u00e0 \u00e8 segnalata al momento a Milano nel primo giorno di introduzione del Green pass obbligatorio sui luoghi di lavoro pubblici e privati. Sul fronte dei trasporti, n\u00e9 Atm n\u00e9 Trenord segnalano particolari problemi. Le corse dei&#8230;<\/p>\n","protected":false},"author":88,"featured_media":0,"comment_status":"closed","ping_status":"closed","sticky":false,"template":"","format":"standard","meta":{"om_disable_all_campaigns":false,"_monsterinsights_skip_tracking":false,"_monsterinsights_sitenote_active":false,"_monsterinsights_sitenote_note":"","_monsterinsights_sitenote_category":0,"footnotes":""},"categories":[745,10],"tags":[],"class_list":["post-269556","post","type-post","status-publish","format-standard","hentry","category-attualita","category-cronaca"],"aioseo_notices":[],"_links":{"self":[{"href":"https:\/\/nugnes.com\/index.php?rest_route=\/wp\/v2\/posts\/269556","targetHints":{"allow":["GET"]}}],"collection":[{"href":"https:\/\/nugnes.com\/index.php?rest_route=\/wp\/v2\/posts"}],"about":[{"href":"https:\/\/nugnes.com\/index.php?rest_route=\/wp\/v2\/types\/post"}],"author":[{"embeddable":true,"href":"https:\/\/nugnes.com\/index.php?rest_route=\/wp\/v2\/users\/88"}],"replies":[{"embeddable":true,"href":"https:\/\/nugnes.com\/index.php?rest_route=%2Fwp%2Fv2%2Fcomments&post=269556"}],"version-history":[{"count":1,"href":"https:\/\/nugnes.com\/index.php?rest_route=\/wp\/v2\/posts\/269556\/revisions"}],"predecessor-version":[{"id":269557,"href":"https:\/\/nugnes.com\/index.php?rest_route=\/wp\/v2\/posts\/269556\/revisions\/269557"}],"wp:attachment":[{"href":"https:\/\/nugnes.com\/index.php?rest_route=%2Fwp%2Fv2%2Fmedia&parent=269556"}],"wp:term":[{"taxonomy":"category","embeddable":true,"href":"https:\/\/nugnes.com\/index.php?rest_route=%2Fwp%2Fv2%2Fcategories&post=269556"},{"taxonomy":"post_tag","embeddable":true,"href":"https:\/\/nugnes.com\/index.php?rest_route=%2Fwp%2Fv2%2Ftags&post=269556"}],"curies":[{"name":"wp","href":"https:\/\/api.w.org\/{rel}","templated":true}]}}