{"id":269809,"date":"2021-10-15T14:07:03","date_gmt":"2021-10-15T14:07:03","guid":{"rendered":"https:\/\/tv.fanpage.it\/?p=423092"},"modified":"2021-10-15T14:07:03","modified_gmt":"2021-10-15T14:07:03","slug":"uomini-e-donne-ida-platano-e-marcello-distanti-nata-come-una-favola-poi-scemata","status":"publish","type":"post","link":"https:\/\/nugnes.com\/?p=269809","title":{"rendered":"Uomini e Donne, Ida Platano e Marcello distanti: &#8220;&Egrave; nata come una favola, poi &egrave; scemata&#8221;"},"content":{"rendered":"<img src=\"https:\/\/static.fanpage.it\/wp-content\/uploads\/sites\/16\/2021\/10\/ida.jpeg\" \/><br \/>\"Ci sentiamo molto meno di prima\", confessa Marcello Messina. \"Era una bellissima emozione, fatta di sguardi e complicit\u00e0, ma forse \u00e8 stato troppo senza neanche conoscerci, visto che appena c'\u00e8 stata la prima incomprensione ci siamo scannati\". La dama \u00e8 d'accordo, tra loro ormai ci sono troppe distanze: \"Non sono pi\u00f9 la Ida di prima, sono trattenuta. Non sono telefonate che parlano pi\u00f9 di noi\".<br \/><a href=\"https:\/\/tv.fanpage.it\/uomini-e-donne-ida-platano-e-marcello-distanti-e-nata-come-una-favola-poi-e-scemata\/\">Continua a leggere<\/a>","protected":false},"excerpt":{"rendered":"<p>&#8220;Ci sentiamo molto meno di prima&#8221;, confessa Marcello Messina. &#8220;Era una bellissima emozione, fatta di sguardi e complicit\u00e0, ma forse \u00e8 stato troppo senza neanche conoscerci, visto che appena c&#8217;\u00e8 stata la prima incomprensione ci siamo scannati&#8221;. La dama &#8230;<\/p>\n","protected":false},"author":192,"featured_media":0,"comment_status":"closed","ping_status":"closed","sticky":false,"template":"","format":"standard","meta":{"om_disable_all_campaigns":false,"_monsterinsights_skip_tracking":false,"_monsterinsights_sitenote_active":false,"_monsterinsights_sitenote_note":"","_monsterinsights_sitenote_category":0,"footnotes":""},"categories":[744],"tags":[],"class_list":["post-269809","post","type-post","status-publish","format-standard","hentry","category-news"],"aioseo_notices":[],"_links":{"self":[{"href":"https:\/\/nugnes.com\/index.php?rest_route=\/wp\/v2\/posts\/269809","targetHints":{"allow":["GET"]}}],"collection":[{"href":"https:\/\/nugnes.com\/index.php?rest_route=\/wp\/v2\/posts"}],"about":[{"href":"https:\/\/nugnes.com\/index.php?rest_route=\/wp\/v2\/types\/post"}],"author":[{"embeddable":true,"href":"https:\/\/nugnes.com\/index.php?rest_route=\/wp\/v2\/users\/192"}],"replies":[{"embeddable":true,"href":"https:\/\/nugnes.com\/index.php?rest_route=%2Fwp%2Fv2%2Fcomments&post=269809"}],"version-history":[{"count":1,"href":"https:\/\/nugnes.com\/index.php?rest_route=\/wp\/v2\/posts\/269809\/revisions"}],"predecessor-version":[{"id":269810,"href":"https:\/\/nugnes.com\/index.php?rest_route=\/wp\/v2\/posts\/269809\/revisions\/269810"}],"wp:attachment":[{"href":"https:\/\/nugnes.com\/index.php?rest_route=%2Fwp%2Fv2%2Fmedia&parent=269809"}],"wp:term":[{"taxonomy":"category","embeddable":true,"href":"https:\/\/nugnes.com\/index.php?rest_route=%2Fwp%2Fv2%2Fcategories&post=269809"},{"taxonomy":"post_tag","embeddable":true,"href":"https:\/\/nugnes.com\/index.php?rest_route=%2Fwp%2Fv2%2Ftags&post=269809"}],"curies":[{"name":"wp","href":"https:\/\/api.w.org\/{rel}","templated":true}]}}