{"id":269827,"date":"2021-10-15T13:38:49","date_gmt":"2021-10-15T13:38:49","guid":{"rendered":"https:\/\/www.fanpage.it\/milano\/?p=106413"},"modified":"2021-10-15T13:38:49","modified_gmt":"2021-10-15T13:38:49","slug":"a-nerviano-operaio-precipita-dal-tetto-di-un-capannone-e-morto","status":"publish","type":"post","link":"https:\/\/nugnes.com\/?p=269827","title":{"rendered":"A Nerviano operaio precipita dal tetto di un capannone: \u00e8 morto"},"content":{"rendered":"<img src=\"https:\/\/static.fanpage.it\/wp-content\/uploads\/sites\/3\/2019\/12\/Casco-operaio-1575977642508-638x425.jpg\" \/><br \/>A Nerviano, comune in provincia di Milano, un operaio di 44 anni \u00e8 morto dopo aver perso l'equilibrio dal tetto di un capannone: ha riportato un grave trauma cranico ed \u00e8 stato trasportato in codice rosso all'ospedale di Legnano. Per lui per\u00f2 non c'\u00e8 stato nulla da fare. Sul posto i carabinieri e i tecnici di Ats per capire la dinamica della vicenda.<br \/><a href=\"https:\/\/www.fanpage.it\/milano\/a-nerviano-operaio-precipita-dal-tetto-di-un-capannone-e-in-grave-condizioni\/\">Continua a leggere<\/a>","protected":false},"excerpt":{"rendered":"<p>A Nerviano, comune in provincia di Milano, un operaio di 44 anni \u00e8 morto dopo aver perso l&#8217;equilibrio dal tetto di un capannone: ha riportato un grave trauma cranico ed \u00e8 stato trasportato in codice rosso all&#8217;ospedale di Legnano. Per lui per\u00f2 non c&#8217;\u00e8 s&#8230;<\/p>\n","protected":false},"author":208,"featured_media":0,"comment_status":"closed","ping_status":"closed","sticky":false,"template":"","format":"standard","meta":{"om_disable_all_campaigns":false,"_monsterinsights_skip_tracking":false,"_monsterinsights_sitenote_active":false,"_monsterinsights_sitenote_note":"","_monsterinsights_sitenote_category":0,"footnotes":""},"categories":[745,10],"tags":[],"class_list":["post-269827","post","type-post","status-publish","format-standard","hentry","category-attualita","category-cronaca"],"aioseo_notices":[],"_links":{"self":[{"href":"https:\/\/nugnes.com\/index.php?rest_route=\/wp\/v2\/posts\/269827","targetHints":{"allow":["GET"]}}],"collection":[{"href":"https:\/\/nugnes.com\/index.php?rest_route=\/wp\/v2\/posts"}],"about":[{"href":"https:\/\/nugnes.com\/index.php?rest_route=\/wp\/v2\/types\/post"}],"author":[{"embeddable":true,"href":"https:\/\/nugnes.com\/index.php?rest_route=\/wp\/v2\/users\/208"}],"replies":[{"embeddable":true,"href":"https:\/\/nugnes.com\/index.php?rest_route=%2Fwp%2Fv2%2Fcomments&post=269827"}],"version-history":[{"count":1,"href":"https:\/\/nugnes.com\/index.php?rest_route=\/wp\/v2\/posts\/269827\/revisions"}],"predecessor-version":[{"id":269828,"href":"https:\/\/nugnes.com\/index.php?rest_route=\/wp\/v2\/posts\/269827\/revisions\/269828"}],"wp:attachment":[{"href":"https:\/\/nugnes.com\/index.php?rest_route=%2Fwp%2Fv2%2Fmedia&parent=269827"}],"wp:term":[{"taxonomy":"category","embeddable":true,"href":"https:\/\/nugnes.com\/index.php?rest_route=%2Fwp%2Fv2%2Fcategories&post=269827"},{"taxonomy":"post_tag","embeddable":true,"href":"https:\/\/nugnes.com\/index.php?rest_route=%2Fwp%2Fv2%2Ftags&post=269827"}],"curies":[{"name":"wp","href":"https:\/\/api.w.org\/{rel}","templated":true}]}}