{"id":270903,"date":"2021-10-18T12:14:00","date_gmt":"2021-10-18T12:14:00","guid":{"rendered":"https:\/\/www.fanpage.it\/?p=1522199"},"modified":"2021-10-18T12:14:00","modified_gmt":"2021-10-18T12:14:00","slug":"morto-per-covid-colin-powell-addio-al-primo-segretario-di-stato-americano-nero","status":"publish","type":"post","link":"https:\/\/nugnes.com\/?p=270903","title":{"rendered":"Morto per covid Colin Powell, addio al primo segretario di stato americano nero"},"content":{"rendered":"<img src=\"https:\/\/static.fanpage.it\/wp-content\/uploads\/2021\/10\/colin-powell-morto-300x225.jpg\" \/><br \/>Colin Powell \u00e8 morto per covid, l'ex generale statunitense e primo segretario di stato americano nero si \u00e8 spento nelle scorse ore. Ad annunciarlo \u00e8 stata la stessa famiglia. \"Il generale Colin L. Powell, ex segretario di Stato degli Stati Uniti e presidente del Joint Chiefs of Staff, \u00e8 morto questa mattina a causa di complicazioni dovute al Covid 19\", ha scritto la famiglia Powell su Facebook.<br \/><a href=\"https:\/\/www.fanpage.it\/esteri\/morto-colin-powell-covid\/\">Continua a leggere<\/a>","protected":false},"excerpt":{"rendered":"<p>Colin Powell \u00e8 morto per covid, l&#8217;ex generale statunitense e primo segretario di stato americano nero si \u00e8 spento nelle scorse ore. Ad annunciarlo \u00e8 stata la stessa famiglia. &#8220;Il generale Colin L. Powell, ex segretario di Stato degli Stati Uniti e pres&#8230;<\/p>\n","protected":false},"author":120,"featured_media":0,"comment_status":"closed","ping_status":"closed","sticky":false,"template":"","format":"standard","meta":{"om_disable_all_campaigns":false,"_monsterinsights_skip_tracking":false,"_monsterinsights_sitenote_active":false,"_monsterinsights_sitenote_note":"","_monsterinsights_sitenote_category":0,"footnotes":""},"categories":[20],"tags":[],"class_list":["post-270903","post","type-post","status-publish","format-standard","hentry","category-esteri"],"aioseo_notices":[],"_links":{"self":[{"href":"https:\/\/nugnes.com\/index.php?rest_route=\/wp\/v2\/posts\/270903","targetHints":{"allow":["GET"]}}],"collection":[{"href":"https:\/\/nugnes.com\/index.php?rest_route=\/wp\/v2\/posts"}],"about":[{"href":"https:\/\/nugnes.com\/index.php?rest_route=\/wp\/v2\/types\/post"}],"author":[{"embeddable":true,"href":"https:\/\/nugnes.com\/index.php?rest_route=\/wp\/v2\/users\/120"}],"replies":[{"embeddable":true,"href":"https:\/\/nugnes.com\/index.php?rest_route=%2Fwp%2Fv2%2Fcomments&post=270903"}],"version-history":[{"count":1,"href":"https:\/\/nugnes.com\/index.php?rest_route=\/wp\/v2\/posts\/270903\/revisions"}],"predecessor-version":[{"id":270904,"href":"https:\/\/nugnes.com\/index.php?rest_route=\/wp\/v2\/posts\/270903\/revisions\/270904"}],"wp:attachment":[{"href":"https:\/\/nugnes.com\/index.php?rest_route=%2Fwp%2Fv2%2Fmedia&parent=270903"}],"wp:term":[{"taxonomy":"category","embeddable":true,"href":"https:\/\/nugnes.com\/index.php?rest_route=%2Fwp%2Fv2%2Fcategories&post=270903"},{"taxonomy":"post_tag","embeddable":true,"href":"https:\/\/nugnes.com\/index.php?rest_route=%2Fwp%2Fv2%2Ftags&post=270903"}],"curies":[{"name":"wp","href":"https:\/\/api.w.org\/{rel}","templated":true}]}}