{"id":270986,"date":"2021-10-18T12:46:03","date_gmt":"2021-10-18T12:46:03","guid":{"rendered":"https:\/\/www.fanpage.it\/sport\/?p=1548976"},"modified":"2021-10-18T12:46:03","modified_gmt":"2021-10-18T12:46:03","slug":"in-champions-un-milan-senza-ibra-pioli-parte-in-panchina-contro-il-porto-gare-decisive","status":"publish","type":"post","link":"https:\/\/nugnes.com\/?p=270986","title":{"rendered":"In Champions un Milan senza Ibra, Pioli: &#8220;Parte in panchina. Contro il Porto gare decisive&#8221;"},"content":{"rendered":"<img src=\"https:\/\/static.fanpage.it\/wp-content\/uploads\/sites\/27\/2021\/10\/pioli-pre-partita-porto.jpg\" \/><br \/>Ibrahimovic partir\u00e0 dalla panchina, Pioli ha le idee chiare per la trasferta portoghese di Champions League. Dove il Milan far\u00e0 a meno dello svedese, con pochi minuti nelle gambe: \"Abbiamo studiato, proveremo la nostra tattica. Servir\u00e0 essere concentrati, contro un avversario abituato a queste sfide\". E sul passaggio del turno: \"Le prossime saranno due gare decisive\"<br \/><a href=\"https:\/\/www.fanpage.it\/sport\/calcio\/in-champions-un-milan-senza-ibra-pioli-parte-in-panchina-contro-il-porto-gare-decisive\/\">Continua a leggere<\/a>","protected":false},"excerpt":{"rendered":"<p>Ibrahimovic partir\u00e0 dalla panchina, Pioli ha le idee chiare per la trasferta portoghese di Champions League. Dove il Milan far\u00e0 a meno dello svedese, con pochi minuti nelle gambe: &#8220;Abbiamo studiato, proveremo la nostra tattica. Servir\u00e0 essere concentra&#8230;<\/p>\n","protected":false},"author":81,"featured_media":0,"comment_status":"closed","ping_status":"closed","sticky":false,"template":"","format":"standard","meta":{"om_disable_all_campaigns":false,"_monsterinsights_skip_tracking":false,"_monsterinsights_sitenote_active":false,"_monsterinsights_sitenote_note":"","_monsterinsights_sitenote_category":0,"footnotes":""},"categories":[75,1350,152,743],"tags":[],"class_list":["post-270986","post","type-post","status-publish","format-standard","hentry","category-calcio","category-champions-league-classifica-e-risultati","category-milan","category-notizie"],"aioseo_notices":[],"_links":{"self":[{"href":"https:\/\/nugnes.com\/index.php?rest_route=\/wp\/v2\/posts\/270986","targetHints":{"allow":["GET"]}}],"collection":[{"href":"https:\/\/nugnes.com\/index.php?rest_route=\/wp\/v2\/posts"}],"about":[{"href":"https:\/\/nugnes.com\/index.php?rest_route=\/wp\/v2\/types\/post"}],"author":[{"embeddable":true,"href":"https:\/\/nugnes.com\/index.php?rest_route=\/wp\/v2\/users\/81"}],"replies":[{"embeddable":true,"href":"https:\/\/nugnes.com\/index.php?rest_route=%2Fwp%2Fv2%2Fcomments&post=270986"}],"version-history":[{"count":1,"href":"https:\/\/nugnes.com\/index.php?rest_route=\/wp\/v2\/posts\/270986\/revisions"}],"predecessor-version":[{"id":270987,"href":"https:\/\/nugnes.com\/index.php?rest_route=\/wp\/v2\/posts\/270986\/revisions\/270987"}],"wp:attachment":[{"href":"https:\/\/nugnes.com\/index.php?rest_route=%2Fwp%2Fv2%2Fmedia&parent=270986"}],"wp:term":[{"taxonomy":"category","embeddable":true,"href":"https:\/\/nugnes.com\/index.php?rest_route=%2Fwp%2Fv2%2Fcategories&post=270986"},{"taxonomy":"post_tag","embeddable":true,"href":"https:\/\/nugnes.com\/index.php?rest_route=%2Fwp%2Fv2%2Ftags&post=270986"}],"curies":[{"name":"wp","href":"https:\/\/api.w.org\/{rel}","templated":true}]}}