{"id":273317,"date":"2021-10-22T14:24:38","date_gmt":"2021-10-22T14:24:38","guid":{"rendered":"https:\/\/www.fanpage.it\/milano\/?p=107880"},"modified":"2021-10-22T14:24:38","modified_gmt":"2021-10-22T14:24:38","slug":"incidente-sul-lavoro-in-una-vetreria-a-travagliato-grave-un-operaio-di-44-anni","status":"publish","type":"post","link":"https:\/\/nugnes.com\/?p=273317","title":{"rendered":"Incidente sul lavoro in una vetreria a Travagliato: grave un operaio di 44 anni"},"content":{"rendered":"<img src=\"https:\/\/static.fanpage.it\/wp-content\/uploads\/sites\/3\/2020\/03\/LP_11132468-638x425.jpg\" \/><br \/>A Travagliato, comune in provincia di Brescia, si \u00e8 verificato un incidente sul lavoro. In una vetreria \u00e8 rimasto gravemente ferito un operaio di 44 anni. L'uomo \u00e8 stato trasferito d'urgenza in ospedale con un trauma al torace e all'addome e sarebbe in gravi condizioni. Sul posto dell'incidente anche le forze dell'ordine, per ricostruire la dinamica della vicenda.<br \/><a href=\"https:\/\/www.fanpage.it\/milano\/incidente-sul-lavoro-in-una-vetreria-a-travagliato-grave-un-operaio-di-44-anni\/\">Continua a leggere<\/a>","protected":false},"excerpt":{"rendered":"<p>A Travagliato, comune in provincia di Brescia, si \u00e8 verificato un incidente sul lavoro. In una vetreria \u00e8 rimasto gravemente ferito un operaio di 44 anni. L&#8217;uomo \u00e8 stato trasferito d&#8217;urgenza in ospedale con un trauma al torace e all&#8217;addome e sarebbe in&#8230;<\/p>\n","protected":false},"author":208,"featured_media":0,"comment_status":"closed","ping_status":"closed","sticky":false,"template":"","format":"standard","meta":{"om_disable_all_campaigns":false,"_monsterinsights_skip_tracking":false,"_monsterinsights_sitenote_active":false,"_monsterinsights_sitenote_note":"","_monsterinsights_sitenote_category":0,"footnotes":""},"categories":[745,461,10,236],"tags":[],"class_list":["post-273317","post","type-post","status-publish","format-standard","hentry","category-attualita","category-brescia","category-cronaca","category-lombardia"],"aioseo_notices":[],"_links":{"self":[{"href":"https:\/\/nugnes.com\/index.php?rest_route=\/wp\/v2\/posts\/273317","targetHints":{"allow":["GET"]}}],"collection":[{"href":"https:\/\/nugnes.com\/index.php?rest_route=\/wp\/v2\/posts"}],"about":[{"href":"https:\/\/nugnes.com\/index.php?rest_route=\/wp\/v2\/types\/post"}],"author":[{"embeddable":true,"href":"https:\/\/nugnes.com\/index.php?rest_route=\/wp\/v2\/users\/208"}],"replies":[{"embeddable":true,"href":"https:\/\/nugnes.com\/index.php?rest_route=%2Fwp%2Fv2%2Fcomments&post=273317"}],"version-history":[{"count":1,"href":"https:\/\/nugnes.com\/index.php?rest_route=\/wp\/v2\/posts\/273317\/revisions"}],"predecessor-version":[{"id":273318,"href":"https:\/\/nugnes.com\/index.php?rest_route=\/wp\/v2\/posts\/273317\/revisions\/273318"}],"wp:attachment":[{"href":"https:\/\/nugnes.com\/index.php?rest_route=%2Fwp%2Fv2%2Fmedia&parent=273317"}],"wp:term":[{"taxonomy":"category","embeddable":true,"href":"https:\/\/nugnes.com\/index.php?rest_route=%2Fwp%2Fv2%2Fcategories&post=273317"},{"taxonomy":"post_tag","embeddable":true,"href":"https:\/\/nugnes.com\/index.php?rest_route=%2Fwp%2Fv2%2Ftags&post=273317"}],"curies":[{"name":"wp","href":"https:\/\/api.w.org\/{rel}","templated":true}]}}