{"id":277169,"date":"2021-10-30T08:09:40","date_gmt":"2021-10-30T08:09:40","guid":{"rendered":"https:\/\/www.fanpage.it\/sport\/?p=1557512"},"modified":"2021-10-30T08:09:40","modified_gmt":"2021-10-30T08:09:40","slug":"spinazzola-pronto-per-il-rientro-ora-mi-sento-un-leone-la-fine-di-un-infortunio-da-incubo","status":"publish","type":"post","link":"https:\/\/nugnes.com\/?p=277169","title":{"rendered":"Spinazzola pronto per il rientro: &#8220;Ora mi sento un leone&#8221;. &Egrave; la fine di un infortunio da incubo"},"content":{"rendered":"<img src=\"https:\/\/static.fanpage.it\/wp-content\/uploads\/sites\/27\/2021\/10\/spinazzola-pronto-al-rientro-1635581110123.jpg\" \/><br \/>Leonardo Spinazzola pu\u00f2 tornare tra i convocati tra fine novembre e i primi giorni di dicembre. Il difensore della Roma e della Nazionale \u00e8 (quasi) pronto al rientro in campo dopo l'infortunio che lo ferm\u00f2 nei quarti di finale degli Europei contro il Belgio. Il responso positivo responso positivo di Lasse Lempainen (lo stesso specialista che lo ha operato a Turku, in Finlandia) \u00e8 un altro passo in avanti.<br \/><a href=\"https:\/\/www.fanpage.it\/sport\/calcio\/spinazzola-pronto-per-il-rientro-ora-mi-sento-un-leone-e-la-fine-di-un-infortunio-da-incubo\/\">Continua a leggere<\/a>","protected":false},"excerpt":{"rendered":"<p>Leonardo Spinazzola pu\u00f2 tornare tra i convocati tra fine novembre e i primi giorni di dicembre. Il difensore della Roma e della Nazionale \u00e8 (quasi) pronto al rientro in campo dopo l&#8217;infortunio che lo ferm\u00f2 nei quarti di finale degli Europei contro il B&#8230;<\/p>\n","protected":false},"author":100,"featured_media":0,"comment_status":"closed","ping_status":"closed","sticky":false,"template":"","format":"standard","meta":{"om_disable_all_campaigns":false,"_monsterinsights_skip_tracking":false,"_monsterinsights_sitenote_active":false,"_monsterinsights_sitenote_note":"","_monsterinsights_sitenote_category":0,"footnotes":""},"categories":[75,743,77,344],"tags":[],"class_list":["post-277169","post","type-post","status-publish","format-standard","hentry","category-calcio","category-notizie","category-roma","category-serie-a"],"aioseo_notices":[],"_links":{"self":[{"href":"https:\/\/nugnes.com\/index.php?rest_route=\/wp\/v2\/posts\/277169","targetHints":{"allow":["GET"]}}],"collection":[{"href":"https:\/\/nugnes.com\/index.php?rest_route=\/wp\/v2\/posts"}],"about":[{"href":"https:\/\/nugnes.com\/index.php?rest_route=\/wp\/v2\/types\/post"}],"author":[{"embeddable":true,"href":"https:\/\/nugnes.com\/index.php?rest_route=\/wp\/v2\/users\/100"}],"replies":[{"embeddable":true,"href":"https:\/\/nugnes.com\/index.php?rest_route=%2Fwp%2Fv2%2Fcomments&post=277169"}],"version-history":[{"count":1,"href":"https:\/\/nugnes.com\/index.php?rest_route=\/wp\/v2\/posts\/277169\/revisions"}],"predecessor-version":[{"id":277170,"href":"https:\/\/nugnes.com\/index.php?rest_route=\/wp\/v2\/posts\/277169\/revisions\/277170"}],"wp:attachment":[{"href":"https:\/\/nugnes.com\/index.php?rest_route=%2Fwp%2Fv2%2Fmedia&parent=277169"}],"wp:term":[{"taxonomy":"category","embeddable":true,"href":"https:\/\/nugnes.com\/index.php?rest_route=%2Fwp%2Fv2%2Fcategories&post=277169"},{"taxonomy":"post_tag","embeddable":true,"href":"https:\/\/nugnes.com\/index.php?rest_route=%2Fwp%2Fv2%2Ftags&post=277169"}],"curies":[{"name":"wp","href":"https:\/\/api.w.org\/{rel}","templated":true}]}}