{"id":277206,"date":"2021-10-30T07:07:58","date_gmt":"2021-10-30T07:07:58","guid":{"rendered":"https:\/\/www.fanpage.it\/?p=1530174"},"modified":"2021-10-30T07:07:58","modified_gmt":"2021-10-30T07:07:58","slug":"al-via-il-g20-a-roma-tutti-i-temi-sul-tavolo-dal-clima-alla-ripresa-economica","status":"publish","type":"post","link":"https:\/\/nugnes.com\/?p=277206","title":{"rendered":"Al via il G20 a Roma, tutti i temi sul tavolo: dal clima alla ripresa economica"},"content":{"rendered":"<img src=\"https:\/\/static.fanpage.it\/wp-content\/uploads\/2021\/10\/G20-BRK-ART-300x225.jpg\" \/><br \/>Si apre oggi a Roma il primo G20 in presenza dopo due anni di pandemia. In una Capitale blindata arrivano quasi tutti i grandi del pianeta. Il principale tema sul tavolo \u00e8 il clima, che per\u00f2 \u00e8 anche il nodo pi\u00f9 difficile da sciogliere, con alcuni Paesi - Cina in testa - che giudicano irrealistico l'azzeramento delle emissioni entro il 2050. Oggi si dovrebbe arrivare all'ok alla minimum tax per far pagare alle grandi multinazionali una tassa minima del 15% ovunque.<br \/><a href=\"https:\/\/www.fanpage.it\/politica\/al-via-il-g20-a-roma-tutti-i-temi-sul-tavolo-dal-clima-alla-ripresa-economica\/\">Continua a leggere<\/a>","protected":false},"excerpt":{"rendered":"<p>Si apre oggi a Roma il primo G20 in presenza dopo due anni di pandemia. In una Capitale blindata arrivano quasi tutti i grandi del pianeta. Il principale tema sul tavolo \u00e8 il clima, che per\u00f2 \u00e8 anche il nodo pi\u00f9 difficile da sciogliere, con alcuni Paesi&#8230;<\/p>\n","protected":false},"author":187,"featured_media":0,"comment_status":"closed","ping_status":"closed","sticky":false,"template":"","format":"standard","meta":{"om_disable_all_campaigns":false,"_monsterinsights_skip_tracking":false,"_monsterinsights_sitenote_active":false,"_monsterinsights_sitenote_note":"","_monsterinsights_sitenote_category":0,"footnotes":""},"categories":[748],"tags":[],"class_list":["post-277206","post","type-post","status-publish","format-standard","hentry","category-politica-italiana"],"aioseo_notices":[],"_links":{"self":[{"href":"https:\/\/nugnes.com\/index.php?rest_route=\/wp\/v2\/posts\/277206","targetHints":{"allow":["GET"]}}],"collection":[{"href":"https:\/\/nugnes.com\/index.php?rest_route=\/wp\/v2\/posts"}],"about":[{"href":"https:\/\/nugnes.com\/index.php?rest_route=\/wp\/v2\/types\/post"}],"author":[{"embeddable":true,"href":"https:\/\/nugnes.com\/index.php?rest_route=\/wp\/v2\/users\/187"}],"replies":[{"embeddable":true,"href":"https:\/\/nugnes.com\/index.php?rest_route=%2Fwp%2Fv2%2Fcomments&post=277206"}],"version-history":[{"count":1,"href":"https:\/\/nugnes.com\/index.php?rest_route=\/wp\/v2\/posts\/277206\/revisions"}],"predecessor-version":[{"id":277207,"href":"https:\/\/nugnes.com\/index.php?rest_route=\/wp\/v2\/posts\/277206\/revisions\/277207"}],"wp:attachment":[{"href":"https:\/\/nugnes.com\/index.php?rest_route=%2Fwp%2Fv2%2Fmedia&parent=277206"}],"wp:term":[{"taxonomy":"category","embeddable":true,"href":"https:\/\/nugnes.com\/index.php?rest_route=%2Fwp%2Fv2%2Fcategories&post=277206"},{"taxonomy":"post_tag","embeddable":true,"href":"https:\/\/nugnes.com\/index.php?rest_route=%2Fwp%2Fv2%2Ftags&post=277206"}],"curies":[{"name":"wp","href":"https:\/\/api.w.org\/{rel}","templated":true}]}}