{"id":279198,"date":"2021-11-04T05:01:19","date_gmt":"2021-11-04T05:01:19","guid":{"rendered":"https:\/\/www.fanpage.it\/milano\/?p=108736"},"modified":"2021-11-04T05:01:19","modified_gmt":"2021-11-04T05:01:19","slug":"quanto-costa-mangiare-al-ristorante-il-luogo-di-aimo-e-nadia-a-milano-menu-e-prezzi","status":"publish","type":"post","link":"https:\/\/nugnes.com\/?p=279198","title":{"rendered":"Quanto costa mangiare al ristorante Il Luogo di Aimo e Nadia a Milano, men\u00f9 e prezzi"},"content":{"rendered":"<img src=\"https:\/\/static.fanpage.it\/wp-content\/uploads\/sites\/29\/2021\/10\/Ritratti_IlLuogodiAimoeNadia_ph.PaoloTeriz-638x425.jpg\" \/><br \/>Fondato nel 1962, Il Luogo di Aimo e Nadia a Milano ha sub\u00ecto diverse variazioni nel corso degli anni che l\u2019hanno portato a trasformarsi in un ristorante gourmet da una stella Michelin. Nel locale di via Montecuccoli, \u00e8 possibile mangiare scegliendo tra tre men\u00f9 degustazione: dal men\u00f9 dei territori ai percorsi d\u2019autunno fino all\u2019orto. Ecco quanto costa mangiare al Luogo di Aimo e Nadia a Milano.<br \/><a href=\"https:\/\/www.fanpage.it\/milano\/ristorante-il-luogo-milano-aimo-nadia-menu-prezzi\/\">Continua a leggere<\/a>","protected":false},"excerpt":{"rendered":"<p>Fondato nel 1962, Il Luogo di Aimo e Nadia a Milano ha sub\u00ecto diverse variazioni nel corso degli anni che l\u2019hanno portato a trasformarsi in un ristorante gourmet da una stella Michelin. Nel locale di via Montecuccoli, \u00e8 possibile mangiare scegliendo tr&#8230;<\/p>\n","protected":false},"author":98,"featured_media":0,"comment_status":"closed","ping_status":"closed","sticky":false,"template":"","format":"standard","meta":{"om_disable_all_campaigns":false,"_monsterinsights_skip_tracking":false,"_monsterinsights_sitenote_active":false,"_monsterinsights_sitenote_note":"","_monsterinsights_sitenote_category":0,"footnotes":""},"categories":[745,1138,1139,236],"tags":[],"class_list":["post-279198","post","type-post","status-publish","format-standard","hentry","category-attualita","category-cultura-e-tradizioni","category-eventi-e-turismo","category-lombardia"],"aioseo_notices":[],"_links":{"self":[{"href":"https:\/\/nugnes.com\/index.php?rest_route=\/wp\/v2\/posts\/279198","targetHints":{"allow":["GET"]}}],"collection":[{"href":"https:\/\/nugnes.com\/index.php?rest_route=\/wp\/v2\/posts"}],"about":[{"href":"https:\/\/nugnes.com\/index.php?rest_route=\/wp\/v2\/types\/post"}],"author":[{"embeddable":true,"href":"https:\/\/nugnes.com\/index.php?rest_route=\/wp\/v2\/users\/98"}],"replies":[{"embeddable":true,"href":"https:\/\/nugnes.com\/index.php?rest_route=%2Fwp%2Fv2%2Fcomments&post=279198"}],"version-history":[{"count":1,"href":"https:\/\/nugnes.com\/index.php?rest_route=\/wp\/v2\/posts\/279198\/revisions"}],"predecessor-version":[{"id":279199,"href":"https:\/\/nugnes.com\/index.php?rest_route=\/wp\/v2\/posts\/279198\/revisions\/279199"}],"wp:attachment":[{"href":"https:\/\/nugnes.com\/index.php?rest_route=%2Fwp%2Fv2%2Fmedia&parent=279198"}],"wp:term":[{"taxonomy":"category","embeddable":true,"href":"https:\/\/nugnes.com\/index.php?rest_route=%2Fwp%2Fv2%2Fcategories&post=279198"},{"taxonomy":"post_tag","embeddable":true,"href":"https:\/\/nugnes.com\/index.php?rest_route=%2Fwp%2Fv2%2Ftags&post=279198"}],"curies":[{"name":"wp","href":"https:\/\/api.w.org\/{rel}","templated":true}]}}