{"id":279649,"date":"2021-11-04T17:40:36","date_gmt":"2021-11-04T17:40:36","guid":{"rendered":"https:\/\/www.fanpage.it\/?p=1532930"},"modified":"2021-11-04T17:40:36","modified_gmt":"2021-11-04T17:40:36","slug":"vaccino-covid-il-presidente-mattarella-ha-ricevuto-la-terza-dose","status":"publish","type":"post","link":"https:\/\/nugnes.com\/?p=279649","title":{"rendered":"Vaccino Covid, il Presidente Mattarella ha ricevuto la terza dose"},"content":{"rendered":"<img src=\"https:\/\/static.fanpage.it\/wp-content\/uploads\/2021\/11\/mattarella-vaccino-1636046507660-300x225.jpeg\" \/><br \/>Il Presidente della Repubblica ha ricevuto la terza dose di vaccino contro il Covid. Il Quirinale ha fatto sapere che la somministrazione \u00e8 avvenuta la scorsa settimana e non oggi. Per Mattarella, cos\u00ec come per gli over 60, i fragili e il personale sanitario, \u00e8 in corso la vaccinazione con la terza dose.<br \/><a href=\"https:\/\/www.fanpage.it\/politica\/vaccino-covid-il-presidente-mattarella-ha-ricevuto-la-terza-dose\/\">Continua a leggere<\/a>","protected":false},"excerpt":{"rendered":"<p>Il Presidente della Repubblica ha ricevuto la terza dose di vaccino contro il Covid. Il Quirinale ha fatto sapere che la somministrazione \u00e8 avvenuta la scorsa settimana e non oggi. Per Mattarella, cos\u00ec come per gli over 60, i fragili e il personale san&#8230;<\/p>\n","protected":false},"author":187,"featured_media":0,"comment_status":"closed","ping_status":"closed","sticky":false,"template":"","format":"standard","meta":{"om_disable_all_campaigns":false,"_monsterinsights_skip_tracking":false,"_monsterinsights_sitenote_active":false,"_monsterinsights_sitenote_note":"","_monsterinsights_sitenote_category":0,"footnotes":""},"categories":[748],"tags":[],"class_list":["post-279649","post","type-post","status-publish","format-standard","hentry","category-politica-italiana"],"aioseo_notices":[],"_links":{"self":[{"href":"https:\/\/nugnes.com\/index.php?rest_route=\/wp\/v2\/posts\/279649","targetHints":{"allow":["GET"]}}],"collection":[{"href":"https:\/\/nugnes.com\/index.php?rest_route=\/wp\/v2\/posts"}],"about":[{"href":"https:\/\/nugnes.com\/index.php?rest_route=\/wp\/v2\/types\/post"}],"author":[{"embeddable":true,"href":"https:\/\/nugnes.com\/index.php?rest_route=\/wp\/v2\/users\/187"}],"replies":[{"embeddable":true,"href":"https:\/\/nugnes.com\/index.php?rest_route=%2Fwp%2Fv2%2Fcomments&post=279649"}],"version-history":[{"count":1,"href":"https:\/\/nugnes.com\/index.php?rest_route=\/wp\/v2\/posts\/279649\/revisions"}],"predecessor-version":[{"id":279650,"href":"https:\/\/nugnes.com\/index.php?rest_route=\/wp\/v2\/posts\/279649\/revisions\/279650"}],"wp:attachment":[{"href":"https:\/\/nugnes.com\/index.php?rest_route=%2Fwp%2Fv2%2Fmedia&parent=279649"}],"wp:term":[{"taxonomy":"category","embeddable":true,"href":"https:\/\/nugnes.com\/index.php?rest_route=%2Fwp%2Fv2%2Fcategories&post=279649"},{"taxonomy":"post_tag","embeddable":true,"href":"https:\/\/nugnes.com\/index.php?rest_route=%2Fwp%2Fv2%2Ftags&post=279649"}],"curies":[{"name":"wp","href":"https:\/\/api.w.org\/{rel}","templated":true}]}}