{"id":28541,"date":"2020-06-10T13:43:29","date_gmt":"2020-06-10T13:43:29","guid":{"rendered":"https:\/\/www.fanpage.it\/sport\/?p=1230922"},"modified":"2020-06-10T13:43:29","modified_gmt":"2020-06-10T13:43:29","slug":"ciclismo-milano-sanremo-il-15-agosto-il-sindaco-di-sanremo-correre-a-ferragosto-e-un-errore","status":"publish","type":"post","link":"https:\/\/nugnes.com\/?p=28541","title":{"rendered":"Ciclismo, Milano-Sanremo il 15 agosto. Il sindaco di Sanremo: \u201cCorrere a Ferragosto \u00e8 un errore\u201d"},"content":{"rendered":"<img src=\"https:\/\/static.fanpage.it\/wp-content\/uploads\/sites\/27\/2020\/06\/milano-sanremo-15-agosto-sindaco-data-1591796355725-638x425.jpg\" \/><br \/>L'Uci ha cambiato alcune date del calendario 2020. La Milano-Sanremo, che storicamente \u00e8 definitiva la 'Classica di Primavera', si terr\u00e0 a Ferragosto. Inizialmente era stata spostata al 22 agosto, ma adesso si \u00e8 deciso di far correre la 'Classicissima' il 15 agosto. Il sindaco di Sanremo, Biancheri, non ha apprezzato questa decisione.<br \/><a href=\"https:\/\/www.fanpage.it\/sport\/attualita\/ciclismo-milano-sanremo-il-15-agosto-il-sindaco-di-sanremo-protesta-sbagliato-correre-a-ferragosto\/\">Continua a leggere<\/a>","protected":false},"excerpt":{"rendered":"<p>L&#8217;Uci ha cambiato alcune date del calendario 2020. La Milano-Sanremo, che storicamente \u00e8 definitiva la &#8216;Classica di Primavera&#8217;, si terr\u00e0 a Ferragosto. Inizialmente era stata spostata al 22 agosto, ma adesso si \u00e8 deciso di far correre la &#8216;Classicissima&#8217;&#8230;<\/p>\n","protected":false},"author":116,"featured_media":0,"comment_status":"closed","ping_status":"closed","sticky":false,"template":"","format":"standard","meta":{"om_disable_all_campaigns":false,"_monsterinsights_skip_tracking":false,"_monsterinsights_sitenote_active":false,"_monsterinsights_sitenote_note":"","_monsterinsights_sitenote_category":0,"footnotes":""},"categories":[874,743],"tags":[],"class_list":["post-28541","post","type-post","status-publish","format-standard","hentry","category-ciclismo","category-notizie"],"aioseo_notices":[],"_links":{"self":[{"href":"https:\/\/nugnes.com\/index.php?rest_route=\/wp\/v2\/posts\/28541","targetHints":{"allow":["GET"]}}],"collection":[{"href":"https:\/\/nugnes.com\/index.php?rest_route=\/wp\/v2\/posts"}],"about":[{"href":"https:\/\/nugnes.com\/index.php?rest_route=\/wp\/v2\/types\/post"}],"author":[{"embeddable":true,"href":"https:\/\/nugnes.com\/index.php?rest_route=\/wp\/v2\/users\/116"}],"replies":[{"embeddable":true,"href":"https:\/\/nugnes.com\/index.php?rest_route=%2Fwp%2Fv2%2Fcomments&post=28541"}],"version-history":[{"count":1,"href":"https:\/\/nugnes.com\/index.php?rest_route=\/wp\/v2\/posts\/28541\/revisions"}],"predecessor-version":[{"id":28543,"href":"https:\/\/nugnes.com\/index.php?rest_route=\/wp\/v2\/posts\/28541\/revisions\/28543"}],"wp:attachment":[{"href":"https:\/\/nugnes.com\/index.php?rest_route=%2Fwp%2Fv2%2Fmedia&parent=28541"}],"wp:term":[{"taxonomy":"category","embeddable":true,"href":"https:\/\/nugnes.com\/index.php?rest_route=%2Fwp%2Fv2%2Fcategories&post=28541"},{"taxonomy":"post_tag","embeddable":true,"href":"https:\/\/nugnes.com\/index.php?rest_route=%2Fwp%2Fv2%2Ftags&post=28541"}],"curies":[{"name":"wp","href":"https:\/\/api.w.org\/{rel}","templated":true}]}}