{"id":309554,"date":"2022-01-21T13:17:02","date_gmt":"2022-01-21T13:17:02","guid":{"rendered":"https:\/\/www.fanpage.it\/?p=1572705"},"modified":"2022-01-21T13:17:02","modified_gmt":"2022-01-21T13:17:02","slug":"indennizzi-per-danni-da-vaccino-covid-via-libera-del-governo-nel-decreto-sostegni","status":"publish","type":"post","link":"https:\/\/nugnes.com\/?p=309554","title":{"rendered":"Indennizzi per danni da vaccino Covid, via libera del governo nel decreto Sostegni"},"content":{"rendered":"<img src=\"https:\/\/static.fanpage.it\/wp-content\/uploads\/2022\/01\/vaccino-2-300x225.jpeg\" \/><br \/>Nel nuovo decreto Sostegni appena varato dal governo Draghi c'\u00e8 un fondo ad hoc da 150 milioni di euro per gli indennizzi per \"coloro che abbiano riportato lesioni o infermit\u00e0, dalle quali sia derivata una menomazione permanente della integrit\u00e0 psico-fisica\" a causa del vaccino contro il Covid.<br \/><a href=\"https:\/\/www.fanpage.it\/politica\/indennizzi-per-danni-da-vaccino-covid-via-libera-del-governo-nel-decreto-sostegni\/\">Continua a leggere<\/a>","protected":false},"excerpt":{"rendered":"<p>Nel nuovo decreto Sostegni appena varato dal governo Draghi c&#8217;\u00e8 un fondo ad hoc da 150 milioni di euro per gli indennizzi per &#8220;coloro che abbiano riportato lesioni o infermit\u00e0, dalle quali sia derivata una menomazione permanente della integrit\u00e0 psico-f&#8230;<\/p>\n","protected":false},"author":187,"featured_media":0,"comment_status":"closed","ping_status":"closed","sticky":false,"template":"","format":"standard","meta":{"om_disable_all_campaigns":false,"_monsterinsights_skip_tracking":false,"_monsterinsights_sitenote_active":false,"_monsterinsights_sitenote_note":"","_monsterinsights_sitenote_category":0,"footnotes":""},"categories":[748],"tags":[],"class_list":["post-309554","post","type-post","status-publish","format-standard","hentry","category-politica-italiana"],"aioseo_notices":[],"_links":{"self":[{"href":"https:\/\/nugnes.com\/index.php?rest_route=\/wp\/v2\/posts\/309554","targetHints":{"allow":["GET"]}}],"collection":[{"href":"https:\/\/nugnes.com\/index.php?rest_route=\/wp\/v2\/posts"}],"about":[{"href":"https:\/\/nugnes.com\/index.php?rest_route=\/wp\/v2\/types\/post"}],"author":[{"embeddable":true,"href":"https:\/\/nugnes.com\/index.php?rest_route=\/wp\/v2\/users\/187"}],"replies":[{"embeddable":true,"href":"https:\/\/nugnes.com\/index.php?rest_route=%2Fwp%2Fv2%2Fcomments&post=309554"}],"version-history":[{"count":1,"href":"https:\/\/nugnes.com\/index.php?rest_route=\/wp\/v2\/posts\/309554\/revisions"}],"predecessor-version":[{"id":309555,"href":"https:\/\/nugnes.com\/index.php?rest_route=\/wp\/v2\/posts\/309554\/revisions\/309555"}],"wp:attachment":[{"href":"https:\/\/nugnes.com\/index.php?rest_route=%2Fwp%2Fv2%2Fmedia&parent=309554"}],"wp:term":[{"taxonomy":"category","embeddable":true,"href":"https:\/\/nugnes.com\/index.php?rest_route=%2Fwp%2Fv2%2Fcategories&post=309554"},{"taxonomy":"post_tag","embeddable":true,"href":"https:\/\/nugnes.com\/index.php?rest_route=%2Fwp%2Fv2%2Ftags&post=309554"}],"curies":[{"name":"wp","href":"https:\/\/api.w.org\/{rel}","templated":true}]}}