{"id":337397,"date":"2022-07-13T06:48:00","date_gmt":"2022-07-13T06:48:00","guid":{"rendered":"https:\/\/www.fanpage.it\/stile-e-trend\/?p=53897"},"modified":"2022-07-13T06:48:00","modified_gmt":"2022-07-13T06:48:00","slug":"belen-rodriguez-irriconoscibile-con-la-maschera-viso-e-icona-di-bellezza-anche-senza-trucco","status":"publish","type":"post","link":"https:\/\/nugnes.com\/?p=337397","title":{"rendered":"Bel\u00e9n Rodriguez irriconoscibile con la maschera viso: \u00e8 icona di bellezza anche senza trucco"},"content":{"rendered":"<img src=\"https:\/\/static.fanpage.it\/wp-content\/uploads\/sites\/33\/2022\/07\/bele\u0301n-rodriguez-senza-trucco-maschera-viso-irriconoscibile-638x425.jpg\" \/><br \/>Bel\u00e9n Rodriguez non ha paura di mostrarsi senza trucco sui social e lo ha dimostrato nelle ultime ore. Si \u00e8 scattata dei selfie alle prese con dei trattamenti di bellezza mattutini e alla fine \u00e8 apparsa irriconoscibile con una maschera bianca sul viso.<br \/><a href=\"https:\/\/www.fanpage.it\/stile-e-trend\/moda\/belen-rodriguez-irriconoscibile-con-la-maschera-viso-e-icona-di-bellezza-anche-senza-trucco\/\">Continua a leggere<\/a>","protected":false},"excerpt":{"rendered":"<p>Bel\u00e9n Rodriguez non ha paura di mostrarsi senza trucco sui social e lo ha dimostrato nelle ultime ore. Si \u00e8 scattata dei selfie alle prese con dei trattamenti di bellezza mattutini e alla fine \u00e8 apparsa irriconoscibile con una maschera bianca sul viso&#8230;.<\/p>\n","protected":false},"author":127,"featured_media":0,"comment_status":"closed","ping_status":"closed","sticky":false,"template":"","format":"standard","meta":{"om_disable_all_campaigns":false,"_monsterinsights_skip_tracking":false,"_monsterinsights_sitenote_active":false,"_monsterinsights_sitenote_note":"","_monsterinsights_sitenote_category":0,"footnotes":""},"categories":[799,1388],"tags":[],"class_list":["post-337397","post","type-post","status-publish","format-standard","hentry","category-look-da-star","category-moda-e-lifestyle"],"aioseo_notices":[],"_links":{"self":[{"href":"https:\/\/nugnes.com\/index.php?rest_route=\/wp\/v2\/posts\/337397","targetHints":{"allow":["GET"]}}],"collection":[{"href":"https:\/\/nugnes.com\/index.php?rest_route=\/wp\/v2\/posts"}],"about":[{"href":"https:\/\/nugnes.com\/index.php?rest_route=\/wp\/v2\/types\/post"}],"author":[{"embeddable":true,"href":"https:\/\/nugnes.com\/index.php?rest_route=\/wp\/v2\/users\/127"}],"replies":[{"embeddable":true,"href":"https:\/\/nugnes.com\/index.php?rest_route=%2Fwp%2Fv2%2Fcomments&post=337397"}],"version-history":[{"count":1,"href":"https:\/\/nugnes.com\/index.php?rest_route=\/wp\/v2\/posts\/337397\/revisions"}],"predecessor-version":[{"id":337398,"href":"https:\/\/nugnes.com\/index.php?rest_route=\/wp\/v2\/posts\/337397\/revisions\/337398"}],"wp:attachment":[{"href":"https:\/\/nugnes.com\/index.php?rest_route=%2Fwp%2Fv2%2Fmedia&parent=337397"}],"wp:term":[{"taxonomy":"category","embeddable":true,"href":"https:\/\/nugnes.com\/index.php?rest_route=%2Fwp%2Fv2%2Fcategories&post=337397"},{"taxonomy":"post_tag","embeddable":true,"href":"https:\/\/nugnes.com\/index.php?rest_route=%2Fwp%2Fv2%2Ftags&post=337397"}],"curies":[{"name":"wp","href":"https:\/\/api.w.org\/{rel}","templated":true}]}}