{"id":340025,"date":"2022-07-19T09:23:39","date_gmt":"2022-07-19T09:23:39","guid":{"rendered":"https:\/\/www.fanpage.it\/spettacolo\/?p=66715"},"modified":"2022-07-19T09:23:39","modified_gmt":"2022-07-19T09:23:39","slug":"flavio-insinna-nel-film-sulla-storia-vera-dello-schermidore-paolo-pizzo-interpretero-suo-padre","status":"publish","type":"post","link":"https:\/\/nugnes.com\/?p=340025","title":{"rendered":"Flavio Insinna nel film sulla storia vera dello schermidore Paolo Pizzo: &#8220;Interpreter\u00f2 suo padre&#8221;"},"content":{"rendered":"<img src=\"https:\/\/static.fanpage.it\/wp-content\/uploads\/sites\/25\/2022\/07\/paolo-pizzo-e-flavio-insinna.jpg\" \/><br \/>Flavio Insinna sar\u00e0 tra i protagonisti del film sulla vera storia di Paolo Pizzo: \"Il campione di scherma che a 13 anni, quando stava per entrare nella Nazionale, si \u00e8 ammalato di tumore al cervello. \u00c8 guarito ed \u00e8 diventato campione del mondo\".<br \/><a href=\"https:\/\/www.fanpage.it\/spettacolo\/interviste\/flavio-insinna-nel-film-sulla-storia-vera-dello-schermidore-paolo-pizzo-interpretero-suo-padre\/\">Continua a leggere<\/a>","protected":false},"excerpt":{"rendered":"<p>Flavio Insinna sar\u00e0 tra i protagonisti del film sulla vera storia di Paolo Pizzo: &#8220;Il campione di scherma che a 13 anni, quando stava per entrare nella Nazionale, si \u00e8 ammalato di tumore al cervello. \u00c8 guarito ed \u00e8 diventato campione del mondo&#8221;.Continu&#8230;<\/p>\n","protected":false},"author":121,"featured_media":0,"comment_status":"closed","ping_status":"closed","sticky":false,"template":"","format":"standard","meta":{"om_disable_all_campaigns":false,"_monsterinsights_skip_tracking":false,"_monsterinsights_sitenote_active":false,"_monsterinsights_sitenote_note":"","_monsterinsights_sitenote_category":0,"footnotes":""},"categories":[1411],"tags":[],"class_list":["post-340025","post","type-post","status-publish","format-standard","hentry","category-interviste"],"aioseo_notices":[],"_links":{"self":[{"href":"https:\/\/nugnes.com\/index.php?rest_route=\/wp\/v2\/posts\/340025","targetHints":{"allow":["GET"]}}],"collection":[{"href":"https:\/\/nugnes.com\/index.php?rest_route=\/wp\/v2\/posts"}],"about":[{"href":"https:\/\/nugnes.com\/index.php?rest_route=\/wp\/v2\/types\/post"}],"author":[{"embeddable":true,"href":"https:\/\/nugnes.com\/index.php?rest_route=\/wp\/v2\/users\/121"}],"replies":[{"embeddable":true,"href":"https:\/\/nugnes.com\/index.php?rest_route=%2Fwp%2Fv2%2Fcomments&post=340025"}],"version-history":[{"count":1,"href":"https:\/\/nugnes.com\/index.php?rest_route=\/wp\/v2\/posts\/340025\/revisions"}],"predecessor-version":[{"id":340026,"href":"https:\/\/nugnes.com\/index.php?rest_route=\/wp\/v2\/posts\/340025\/revisions\/340026"}],"wp:attachment":[{"href":"https:\/\/nugnes.com\/index.php?rest_route=%2Fwp%2Fv2%2Fmedia&parent=340025"}],"wp:term":[{"taxonomy":"category","embeddable":true,"href":"https:\/\/nugnes.com\/index.php?rest_route=%2Fwp%2Fv2%2Fcategories&post=340025"},{"taxonomy":"post_tag","embeddable":true,"href":"https:\/\/nugnes.com\/index.php?rest_route=%2Fwp%2Fv2%2Ftags&post=340025"}],"curies":[{"name":"wp","href":"https:\/\/api.w.org\/{rel}","templated":true}]}}